{"id":136056,"date":"2025-03-14T09:10:20","date_gmt":"2025-03-14T12:10:20","guid":{"rendered":"http:\/\/blitzconquista.com.br\/?p=136056"},"modified":"2025-03-14T09:10:20","modified_gmt":"2025-03-14T12:10:20","slug":"orcamento-bolsa-familia-pode-ter-um-corte-de-quase-r-8-bilhoes","status":"publish","type":"post","link":"http:\/\/blitzconquista.com.br\/?p=136056","title":{"rendered":"Or\u00e7amento: Bolsa Fam\u00edlia pode ter um corte de quase R$ 8 bilh\u00f5es"},"content":{"rendered":"<h3 class=\"notice-regular__summary\" style=\"text-align: center;\">O Or\u00e7amento deveria ter sido votado no fim de 2024, mas um embate entre Judici\u00e1rio e Legislativo em torno da libera\u00e7\u00e3o de emendas parlamentares travou a an\u00e1lise da proposta<\/h3>\n<p><img decoding=\"async\" loading=\"lazy\" class=\"aligncenter size-large wp-image-136058\" src=\"http:\/\/blitzconquista.com.br\/wp-content\/uploads\/2025\/03\/orcamento-695x461.jpeg\" alt=\"\" width=\"695\" height=\"461\" srcset=\"http:\/\/blitzconquista.com.br\/wp-content\/uploads\/2025\/03\/orcamento-695x461.jpeg 695w, http:\/\/blitzconquista.com.br\/wp-content\/uploads\/2025\/03\/orcamento-300x200.jpeg 300w, http:\/\/blitzconquista.com.br\/wp-content\/uploads\/2025\/03\/orcamento-768x509.jpeg 768w, http:\/\/blitzconquista.com.br\/wp-content\/uploads\/2025\/03\/orcamento-414x276.jpeg 414w, http:\/\/blitzconquista.com.br\/wp-content\/uploads\/2025\/03\/orcamento-470x313.jpeg 470w, http:\/\/blitzconquista.com.br\/wp-content\/uploads\/2025\/03\/orcamento-640x426.jpeg 640w, http:\/\/blitzconquista.com.br\/wp-content\/uploads\/2025\/03\/orcamento-130x86.jpeg 130w, http:\/\/blitzconquista.com.br\/wp-content\/uploads\/2025\/03\/orcamento-187x124.jpeg 187w, http:\/\/blitzconquista.com.br\/wp-content\/uploads\/2025\/03\/orcamento.jpeg 860w\" sizes=\"(max-width: 695px) 100vw, 695px\" \/><\/p>\n<div id=\"js-text-clipboard\" class=\"notice-content__show js-notice-expand js-permit-copy auto-height\">\n<p>O governo federal enviou, na quarta-feira (12), um of\u00edcio ao Congresso Nacional que cont\u00e9m uma s\u00e9rie de ajustes no Or\u00e7amento de 2025, entre eles um corte de R$ 7,7 bilh\u00f5es no Bolsa Fam\u00edlia.<\/p>\n<p>\u00c9 necess\u00e1rio que os ajustes sejam feitos antes da vota\u00e7\u00e3o do projeto para viabilizar a execu\u00e7\u00e3o de alguns programas do governo, como o Aux\u00edlio-G\u00e1s, por exemplo.<\/p>\n<p>O documento prev\u00ea um acr\u00e9scimo de R$ 3 bilh\u00f5es nos recursos do aux\u00edlio. A pe\u00e7a or\u00e7ament\u00e1ria inicial reservava somente R$ 600 milh\u00f5es para o programa, como destacou o relator do Or\u00e7amento (PLN 26\/2024), senador Angelo Coronel (PSD-BA).<\/p>\n<p>\u201cN\u00f3s vamos alocar os R$ 3 bilh\u00f5es que s\u00e3o necess\u00e1rios para fazer frente ao pagamento do Vale G\u00e1s deste ano de 2025, que s\u00f3 tem 600 milh\u00f5es no or\u00e7amento. Tamb\u00e9m equacionamos a quest\u00e3o do P\u00e9-de-Meia, que j\u00e1 tem R$ 1 bilh\u00e3o no Or\u00e7amento. Precisa de R$ 11 bilh\u00f5es, mas o Tribunal de Contas da Uni\u00e3o j\u00e1 facultou ao governo inserir esses valores no Or\u00e7amento durante 120 dias, ent\u00e3o o governo ir\u00e1 mandar PLNs a cada hora que for necess\u00e1rio para fazer frente ao pagamento do P\u00e9-de-Meia\u201d, pontua.<\/p>\n<p>Em rela\u00e7\u00e3o ao Bolsa Fam\u00edlia, o relator disse que a previs\u00e3o ocorre ap\u00f3s ajustes contra fraudes no programa. Inicialmente, o governo previa gastos de R$ 166 bilh\u00f5es.<\/p>\n<p>O documento, que at\u00e9 o fechamento dessa mat\u00e9ria ainda n\u00e3o havia sido protocolado oficialmente, foi destinado ao presidente do Congresso, senador Davi Alcolumbre (Uni\u00e3o-AP), e ao presidente da Comiss\u00e3o Mista de Or\u00e7amento (CMO), deputado Julio Arcoverde (PP-PI).<\/p>\n<p>O Or\u00e7amento deveria ter sido votado no fim de 2024, mas um embate entre Judici\u00e1rio e Legislativo em torno da libera\u00e7\u00e3o de emendas parlamentares travou a an\u00e1lise da proposta.<\/p>\n<\/div>\n","protected":false},"excerpt":{"rendered":"<p>O Or\u00e7amento deveria ter sido votado no fim de 2024, mas um embate entre Judici\u00e1rio e Legislativo em torno da libera\u00e7\u00e3o de emendas parlamentares travou a an\u00e1lise da proposta O governo federal enviou, na quarta-feira (12), um of\u00edcio ao Congresso Nacional que cont\u00e9m uma s\u00e9rie de ajustes no Or\u00e7amento de 2025, entre eles um corte [&hellip;]<\/p>\n","protected":false},"author":1,"featured_media":136058,"comment_status":"closed","ping_status":"closed","sticky":false,"template":"","format":"standard","meta":[],"categories":[478,212],"tags":[],"_links":{"self":[{"href":"http:\/\/blitzconquista.com.br\/index.php?rest_route=\/wp\/v2\/posts\/136056"}],"collection":[{"href":"http:\/\/blitzconquista.com.br\/index.php?rest_route=\/wp\/v2\/posts"}],"about":[{"href":"http:\/\/blitzconquista.com.br\/index.php?rest_route=\/wp\/v2\/types\/post"}],"author":[{"embeddable":true,"href":"http:\/\/blitzconquista.com.br\/index.php?rest_route=\/wp\/v2\/users\/1"}],"replies":[{"embeddable":true,"href":"http:\/\/blitzconquista.com.br\/index.php?rest_route=%2Fwp%2Fv2%2Fcomments&post=136056"}],"version-history":[{"count":1,"href":"http:\/\/blitzconquista.com.br\/index.php?rest_route=\/wp\/v2\/posts\/136056\/revisions"}],"predecessor-version":[{"id":136059,"href":"http:\/\/blitzconquista.com.br\/index.php?rest_route=\/wp\/v2\/posts\/136056\/revisions\/136059"}],"wp:featuredmedia":[{"embeddable":true,"href":"http:\/\/blitzconquista.com.br\/index.php?rest_route=\/wp\/v2\/media\/136058"}],"wp:attachment":[{"href":"http:\/\/blitzconquista.com.br\/index.php?rest_route=%2Fwp%2Fv2%2Fmedia&parent=136056"}],"wp:term":[{"taxonomy":"category","embeddable":true,"href":"http:\/\/blitzconquista.com.br\/index.php?rest_route=%2Fwp%2Fv2%2Fcategories&post=136056"},{"taxonomy":"post_tag","embeddable":true,"href":"http:\/\/blitzconquista.com.br\/index.php?rest_route=%2Fwp%2Fv2%2Ftags&post=136056"}],"curies":[{"name":"wp","href":"https:\/\/api.w.org\/{rel}","templated":true}]}}