{"id":136407,"date":"2025-04-02T14:38:37","date_gmt":"2025-04-02T17:38:37","guid":{"rendered":"http:\/\/blitzconquista.com.br\/?p=136407"},"modified":"2025-04-02T14:42:52","modified_gmt":"2025-04-02T17:42:52","slug":"cbf-lamenta-falecimento-de-leandro-domingues-idolo-do-vitoria","status":"publish","type":"post","link":"http:\/\/blitzconquista.com.br\/?p=136407","title":{"rendered":"CBF lamenta falecimento de Leandro Domingues, \u00eddolo do Vit\u00f3ria"},"content":{"rendered":"<header>\n<div class=\"styles_content__98lnR\">\n<div class=\"styles_headline__irWN0\">\n<h3 style=\"text-align: center;\">Entidade decreta um minuto de sil\u00eancio nos jogos das S\u00e9ries A e B do Campeonato Brasileiro em homenagem ao ex-atleta, eleito no Jap\u00e3o o melhor jogador da liga do pa\u00eds em 2011<\/h3>\n<\/div>\n<\/div>\n<\/header>\n<div class=\"styles_mainContent__MDzEB\">\n<article>\n<div class=\"styles_articleContainer__kQvs4 body-content-article\">\n<figure style=\"width: 569px\" class=\"wp-caption aligncenter\"><img decoding=\"async\" loading=\"lazy\" src=\"https:\/\/objectstorage.sa-saopaulo-1.oraclecloud.com\/n\/grsa9ybqykir\/b\/portalcbf\/o\/13147313_1066827863365247_5637591645000943162_o%20(1).jpg\" alt=\"\" width=\"569\" height=\"650\" data-first-enter-image=\"true\" \/><figcaption class=\"wp-caption-text\">Leandro Domingues \u00e9 \u00eddolo do Vit\u00f3ria e conquistou uma s\u00e9rie de t\u00edtulos pelo clubeCr\u00e9ditos: Francisco Galv\u00e3o\/EC VIt\u00f3ria<\/figcaption><\/figure>\n<p>A Confedera\u00e7\u00e3o Brasileira de Futebol (CBF) lamenta o falecimento do ex-meia Leandro Domingues. \u00cddolo do Vit\u00f3ria, ele morreu nesta ter\u00e7a-feira (1) aos 41 anos.<\/p>\n<p>Leandro Domingues conquistou seis t\u00edtulos do Campeonato Baiano (2002, 2003, 2004, 2005, 2009 e 2016) ao longo de nove temporadas. Em 2006, foi um dos destaques da equipe que conseguiu o acesso para a S\u00e9rie B. Sua \u00faltima passagem no Le\u00e3o foi em 2016.<\/p>\n<p>Ele foi tamb\u00e9m um dos protagonistas da campanha do Vit\u00f3ria na conquista da Copa do Nordeste em 2003.<\/p>\n<p>Nascido em Vit\u00f3ria da Conquista, na Bahia, ele come\u00e7ou no futebol jogando nas ruas do Alto Maron. Em seguida, Leandro seguiu para a base do Vit\u00f3ria, em Salvador.<\/p>\n<p><img decoding=\"async\" class=\"aligncenter\" src=\"https:\/\/objectstorage.sa-saopaulo-1.oraclecloud.com\/n\/grsa9ybqykir\/b\/portalcbf\/o\/download.jpg\" \/><strong>Leandro tamb\u00e9m defendeu o Cruzeiro<\/strong><em>Cr\u00e9ditos: Carlos Rienck\/Hoje em dia\/Gazeta Press<\/em><\/p>\n<p>A CBF decretou um minuto de sil\u00eancio em todos os jogos da rodada das S\u00e9ries A e B do Campeonato Brasileiro neste final de semana.<\/p>\n<p>\u201cPude acompanhar os primeiros passos de Leandro Domingues. Ele \u00e9 natural de minha cidade. Estou extremamente consternado com essa partida precoce. Que Deus conforte seus familiares, f\u00e3s e amigos. Leandro deixa um belo legado ao futebol, em especial aos torcedores do Vit\u00f3ria\u201d, disse Ednaldo Rodrigues, presidente da CBF.<\/p>\n<p><img decoding=\"async\" class=\"aligncenter\" src=\"https:\/\/objectstorage.sa-saopaulo-1.oraclecloud.com\/n\/grsa9ybqykir\/b\/portalcbf\/o\/licensed-image.jpg\" \/><strong>Leandro foi protagonista do primeiro t\u00edtulo do Kashiwa Reysol<\/strong><em>Cr\u00e9ditos: J.LEAGUE\/Getty Images<\/em><\/p>\n<p>Ele atuou tamb\u00e9m pelo Cruzeiro, Fluminense, Kashiwa Reysol, Portuguesa, Yokohama FC e Betim Futebol. Ao todo, foram 426 jogos, 109 gols marcados e 13 assist\u00eancias.<\/p>\n<p>No Jap\u00e3o, Leandro viveu um momento m\u00e1gico. Em 2011, foi eleito o jogador do ano na J-League e se tornou protagonista do primeiro t\u00edtulo do Kashiwa Reysol. Era carinhosamente chamado pela torcida por \u201cReiandro\u201d ou \u201cRei do Reysol\u201d.<\/p>\n<p>Fonte: CBF<\/p>\n<div class=\"twitter-embed\"><\/div>\n<\/div>\n<\/article>\n<\/div>\n","protected":false},"excerpt":{"rendered":"<p>Entidade decreta um minuto de sil\u00eancio nos jogos das S\u00e9ries A e B do Campeonato Brasileiro em homenagem ao ex-atleta, eleito no Jap\u00e3o o melhor jogador da liga do pa\u00eds em 2011 A Confedera\u00e7\u00e3o Brasileira de Futebol (CBF) lamenta o falecimento do ex-meia Leandro Domingues. \u00cddolo do Vit\u00f3ria, ele morreu nesta ter\u00e7a-feira (1) aos 41 [&hellip;]<\/p>\n","protected":false},"author":1,"featured_media":136409,"comment_status":"closed","ping_status":"closed","sticky":false,"template":"","format":"standard","meta":[],"categories":[212,403],"tags":[],"_links":{"self":[{"href":"http:\/\/blitzconquista.com.br\/index.php?rest_route=\/wp\/v2\/posts\/136407"}],"collection":[{"href":"http:\/\/blitzconquista.com.br\/index.php?rest_route=\/wp\/v2\/posts"}],"about":[{"href":"http:\/\/blitzconquista.com.br\/index.php?rest_route=\/wp\/v2\/types\/post"}],"author":[{"embeddable":true,"href":"http:\/\/blitzconquista.com.br\/index.php?rest_route=\/wp\/v2\/users\/1"}],"replies":[{"embeddable":true,"href":"http:\/\/blitzconquista.com.br\/index.php?rest_route=%2Fwp%2Fv2%2Fcomments&post=136407"}],"version-history":[{"count":1,"href":"http:\/\/blitzconquista.com.br\/index.php?rest_route=\/wp\/v2\/posts\/136407\/revisions"}],"predecessor-version":[{"id":136410,"href":"http:\/\/blitzconquista.com.br\/index.php?rest_route=\/wp\/v2\/posts\/136407\/revisions\/136410"}],"wp:featuredmedia":[{"embeddable":true,"href":"http:\/\/blitzconquista.com.br\/index.php?rest_route=\/wp\/v2\/media\/136409"}],"wp:attachment":[{"href":"http:\/\/blitzconquista.com.br\/index.php?rest_route=%2Fwp%2Fv2%2Fmedia&parent=136407"}],"wp:term":[{"taxonomy":"category","embeddable":true,"href":"http:\/\/blitzconquista.com.br\/index.php?rest_route=%2Fwp%2Fv2%2Fcategories&post=136407"},{"taxonomy":"post_tag","embeddable":true,"href":"http:\/\/blitzconquista.com.br\/index.php?rest_route=%2Fwp%2Fv2%2Ftags&post=136407"}],"curies":[{"name":"wp","href":"https:\/\/api.w.org\/{rel}","templated":true}]}}