{"id":136429,"date":"2025-04-03T17:58:00","date_gmt":"2025-04-03T20:58:00","guid":{"rendered":"http:\/\/blitzconquista.com.br\/?p=136429"},"modified":"2025-04-03T17:58:21","modified_gmt":"2025-04-03T20:58:21","slug":"prf-prende-foragido-da-justica-durante-fiscalizacao-na-br-116-em-jequie-ba","status":"publish","type":"post","link":"http:\/\/blitzconquista.com.br\/?p=136429","title":{"rendered":"PRF prende foragido da Justi\u00e7a durante fiscaliza\u00e7\u00e3o na BR-116, em Jequi\u00e9 (BA)"},"content":{"rendered":"<h3 class=\"documentDescription\" style=\"text-align: center;\">O homem possu\u00eda um mandado de pris\u00e3o em aberto pelo n\u00e3o pagamento de pens\u00e3o aliment\u00edcia<\/h3>\n<div id=\"viewlet-above-content-body\">\n<div id=\"media\"><img decoding=\"async\" loading=\"lazy\" class=\"aligncenter\" src=\"https:\/\/www.gov.br\/prf\/pt-br\/noticias\/estaduais\/bahia\/2025\/abril\/prf-prende-foragido-da-justica-durante-fiscalizacao-na-br-116-em-jequie-ba\/846ed359-e7f9-4194-8f9d-cd6fb2b7fd56.jpeg\/@@images\/774c0a9e-b99a-4d2a-9052-1a79947b48b4.jpeg\" alt=\"846ed359-e7f9-4194-8f9d-cd6fb2b7fd56.jpeg\" width=\"768\" height=\"432\" \/><\/div>\n<\/div>\n<div id=\"content-core\">\n<div id=\"parent-fieldname-text\" class=\"\">\n<div>\n<p data-start=\"157\" data-end=\"410\">Na tarde desta quarta-feira (02), a Pol\u00edcia Rodovi\u00e1ria Federal (PRF) prendeu um homem com mandado de pris\u00e3o em aberto durante uma fiscaliza\u00e7\u00e3o de combate ao crime na BR-116, em Jequi\u00e9 (BA). A abordagem ocorreu por volta das 15h30 no km 677 da rodovia.<\/p>\n<p data-start=\"412\" data-end=\"619\">Durante a verifica\u00e7\u00e3o do ve\u00edculo Toyota Corolla XEI, de cor prata, os policiais realizaram consultas nos sistemas de seguran\u00e7a e constataram a exist\u00eancia de um mandado de pris\u00e3o pendente contra o condutor.<\/p>\n<p data-start=\"621\" data-end=\"850\">Diante dos fatos, o homem foi detido e encaminhado \u00e0 Pol\u00edcia Judici\u00e1ria de Jequi\u00e9 para as provid\u00eancias cab\u00edveis.<\/p>\n<\/div>\n<\/div>\n<\/div>\n<p data-start=\"621\" data-end=\"850\">Fonte: Nucom &#8211; PRF\/BA<\/p>\n","protected":false},"excerpt":{"rendered":"<p>O homem possu\u00eda um mandado de pris\u00e3o em aberto pelo n\u00e3o pagamento de pens\u00e3o aliment\u00edcia Na tarde desta quarta-feira (02), a Pol\u00edcia Rodovi\u00e1ria Federal (PRF) prendeu um homem com mandado de pris\u00e3o em aberto durante uma fiscaliza\u00e7\u00e3o de combate ao crime na BR-116, em Jequi\u00e9 (BA). A abordagem ocorreu por volta das 15h30 no km [&hellip;]<\/p>\n","protected":false},"author":1,"featured_media":136431,"comment_status":"closed","ping_status":"closed","sticky":false,"template":"","format":"standard","meta":[],"categories":[3],"tags":[],"_links":{"self":[{"href":"http:\/\/blitzconquista.com.br\/index.php?rest_route=\/wp\/v2\/posts\/136429"}],"collection":[{"href":"http:\/\/blitzconquista.com.br\/index.php?rest_route=\/wp\/v2\/posts"}],"about":[{"href":"http:\/\/blitzconquista.com.br\/index.php?rest_route=\/wp\/v2\/types\/post"}],"author":[{"embeddable":true,"href":"http:\/\/blitzconquista.com.br\/index.php?rest_route=\/wp\/v2\/users\/1"}],"replies":[{"embeddable":true,"href":"http:\/\/blitzconquista.com.br\/index.php?rest_route=%2Fwp%2Fv2%2Fcomments&post=136429"}],"version-history":[{"count":2,"href":"http:\/\/blitzconquista.com.br\/index.php?rest_route=\/wp\/v2\/posts\/136429\/revisions"}],"predecessor-version":[{"id":136433,"href":"http:\/\/blitzconquista.com.br\/index.php?rest_route=\/wp\/v2\/posts\/136429\/revisions\/136433"}],"wp:featuredmedia":[{"embeddable":true,"href":"http:\/\/blitzconquista.com.br\/index.php?rest_route=\/wp\/v2\/media\/136431"}],"wp:attachment":[{"href":"http:\/\/blitzconquista.com.br\/index.php?rest_route=%2Fwp%2Fv2%2Fmedia&parent=136429"}],"wp:term":[{"taxonomy":"category","embeddable":true,"href":"http:\/\/blitzconquista.com.br\/index.php?rest_route=%2Fwp%2Fv2%2Fcategories&post=136429"},{"taxonomy":"post_tag","embeddable":true,"href":"http:\/\/blitzconquista.com.br\/index.php?rest_route=%2Fwp%2Fv2%2Ftags&post=136429"}],"curies":[{"name":"wp","href":"https:\/\/api.w.org\/{rel}","templated":true}]}}