{"id":136514,"date":"2025-04-14T10:33:48","date_gmt":"2025-04-14T13:33:48","guid":{"rendered":"http:\/\/blitzconquista.com.br\/?p=136514"},"modified":"2025-04-14T10:35:05","modified_gmt":"2025-04-14T13:35:05","slug":"acidente-na-luiz-eduardo-deixa-moradores-do-jardim-candeias-e-bem-querer-sem-energia-eletrica-durante-a-madrugada","status":"publish","type":"post","link":"http:\/\/blitzconquista.com.br\/?p=136514","title":{"rendered":"Acidente na Luiz Eduardo deixa moradores do Jardim Candeias e Bem Querer sem energia el\u00e9trica durante a madrugada"},"content":{"rendered":"<p><img decoding=\"async\" loading=\"lazy\" class=\"aligncenter wp-image-136517 size-full\" src=\"http:\/\/blitzconquista.com.br\/wp-content\/uploads\/2025\/04\/c64933d8-3866-47d9-a604-09c8c0ce90a2.jpeg\" alt=\"\" width=\"525\" height=\"315\" srcset=\"http:\/\/blitzconquista.com.br\/wp-content\/uploads\/2025\/04\/c64933d8-3866-47d9-a604-09c8c0ce90a2.jpeg 525w, http:\/\/blitzconquista.com.br\/wp-content\/uploads\/2025\/04\/c64933d8-3866-47d9-a604-09c8c0ce90a2-300x180.jpeg 300w\" sizes=\"(max-width: 525px) 100vw, 525px\" \/><\/p>\n<p>Acidente ocorrido na noite deste domingo (13), por volta da meia noite, na avenida Luiz Eduardo Magalh\u00e3es, deixou o loteamento Jardim Candeias e Morada do Bem Querer sem energia el\u00e9trica at\u00e9 o in\u00edcio da manh\u00e3 desta segunda.<\/p>\n<p>Logo no in\u00edcio da madrugada um ve\u00edculo colidiu contra um poste da rede el\u00e9trica. Com o impacto, o poste ficou partido e cabos de energia se romperam. Para realizar a manuten\u00e7\u00e3o, o fluxo de ve\u00edculos precisou ser interrompido na altura da avenida Franklin Ferraz, sentido estrada da Barra.<\/p>\n<p>Em menos de uma hora, a operadora de energia encaminhou mensagens por aplicativo de celular para os moradores da regi\u00e3o afetada, informando sobre a interrup\u00e7\u00e3o do fornecimento dos servi\u00e7os e estabelecendo, inicialmente, a previs\u00e3o de regulariza\u00e7\u00e3o \u00e0s 02h30. Mas, no in\u00edcio da manh\u00e3 a via continuava com sinaliza\u00e7\u00e3o e o poste danificado na havia sido removido.<\/p>\n","protected":false},"excerpt":{"rendered":"<p>Acidente ocorrido na noite deste domingo (13), por volta da meia noite, na avenida Luiz Eduardo Magalh\u00e3es, deixou o loteamento Jardim Candeias e Morada do Bem Querer sem energia el\u00e9trica at\u00e9 o in\u00edcio da manh\u00e3 desta segunda. Logo no in\u00edcio da madrugada um ve\u00edculo colidiu contra um poste da rede el\u00e9trica. Com o impacto, o [&hellip;]<\/p>\n","protected":false},"author":1,"featured_media":136517,"comment_status":"closed","ping_status":"closed","sticky":false,"template":"","format":"standard","meta":[],"categories":[212,7],"tags":[],"_links":{"self":[{"href":"http:\/\/blitzconquista.com.br\/index.php?rest_route=\/wp\/v2\/posts\/136514"}],"collection":[{"href":"http:\/\/blitzconquista.com.br\/index.php?rest_route=\/wp\/v2\/posts"}],"about":[{"href":"http:\/\/blitzconquista.com.br\/index.php?rest_route=\/wp\/v2\/types\/post"}],"author":[{"embeddable":true,"href":"http:\/\/blitzconquista.com.br\/index.php?rest_route=\/wp\/v2\/users\/1"}],"replies":[{"embeddable":true,"href":"http:\/\/blitzconquista.com.br\/index.php?rest_route=%2Fwp%2Fv2%2Fcomments&post=136514"}],"version-history":[{"count":3,"href":"http:\/\/blitzconquista.com.br\/index.php?rest_route=\/wp\/v2\/posts\/136514\/revisions"}],"predecessor-version":[{"id":136520,"href":"http:\/\/blitzconquista.com.br\/index.php?rest_route=\/wp\/v2\/posts\/136514\/revisions\/136520"}],"wp:featuredmedia":[{"embeddable":true,"href":"http:\/\/blitzconquista.com.br\/index.php?rest_route=\/wp\/v2\/media\/136517"}],"wp:attachment":[{"href":"http:\/\/blitzconquista.com.br\/index.php?rest_route=%2Fwp%2Fv2%2Fmedia&parent=136514"}],"wp:term":[{"taxonomy":"category","embeddable":true,"href":"http:\/\/blitzconquista.com.br\/index.php?rest_route=%2Fwp%2Fv2%2Fcategories&post=136514"},{"taxonomy":"post_tag","embeddable":true,"href":"http:\/\/blitzconquista.com.br\/index.php?rest_route=%2Fwp%2Fv2%2Ftags&post=136514"}],"curies":[{"name":"wp","href":"https:\/\/api.w.org\/{rel}","templated":true}]}}