{"id":136532,"date":"2025-04-15T11:59:02","date_gmt":"2025-04-15T14:59:02","guid":{"rendered":"http:\/\/blitzconquista.com.br\/?p=136532"},"modified":"2025-04-15T11:59:02","modified_gmt":"2025-04-15T14:59:02","slug":"delegacia-da-prf-em-vitoria-da-conquista-recebe-nova-viatura-fruto-de-emenda-parlamentar","status":"publish","type":"post","link":"http:\/\/blitzconquista.com.br\/?p=136532","title":{"rendered":"Delegacia da PRF em Vit\u00f3ria da Conquista recebe nova viatura fruto de emenda parlamentar"},"content":{"rendered":"<div id=\"viewlet-above-content-body\">\n<div id=\"media\"><img decoding=\"async\" loading=\"lazy\" class=\"aligncenter\" src=\"https:\/\/www.gov.br\/prf\/pt-br\/noticias\/estaduais\/bahia\/2025\/abril\/delegacia-da-prf-em-vitoria-da-conquista-recebe-nova-viatura-fruto-de-emenda-parlamentar\/whatsapp-image-2025-04-11-at-16-03-45-1.jpeg\/@@images\/0ecea7e1-f378-4cd8-b006-ae75dd7b60ec.jpeg\" alt=\"WhatsApp Image 2025-04-11 at 16.03.45 (1).jpeg\" width=\"768\" height=\"432\" \/><\/div>\n<\/div>\n<div id=\"content-core\">\n<div id=\"parent-fieldname-text\" class=\"\">\n<div>\n<p data-start=\"329\" data-end=\"584\">Nesta quinta-feira (11), a Delegacia da Pol\u00edcia Rodovi\u00e1ria Federal (PRF) em Vit\u00f3ria da Conquista foi contemplada com a entrega de uma nova viatura operacional, viabilizada por meio de emenda parlamentar destinada pelo deputado federal L\u00e9o Prates.<\/p>\n<p data-start=\"586\" data-end=\"960\">O refor\u00e7o na frota representa um importante avan\u00e7o para o trabalho da PRF na regi\u00e3o Sudoeste da Bahia, permitindo intensificar a fiscaliza\u00e7\u00e3o nas rodovias federais, ampliar a seguran\u00e7a vi\u00e1ria e fortalecer o enfrentamento ao crime organizado. A viatura ser\u00e1 empregada diretamente nas a\u00e7\u00f5es operacionais da unidade, contribuindo para um atendimento mais eficiente \u00e0 popula\u00e7\u00e3o.<\/p>\n<p data-start=\"962\" data-end=\"1195\">As autoridades foram recebidas por representantes da Delegacia da PRF em Vit\u00f3ria da Conquista, que destacaram a import\u00e2ncia da chegada do novo ve\u00edculo para o fortalecimento das atividades de policiamento e seguran\u00e7a vi\u00e1ria na regi\u00e3o.<\/p>\n<p data-start=\"1197\" data-end=\"1574\">Participaram da solenidade o deputado federal L\u00e9o Prates, seu assessor M\u00e1rcio, o vice-prefeito de Vit\u00f3ria da Conquista, Dr. Alo\u00edsio Alan, o chefe de gabinete municipal, coronel Ivanildo Silva, a secret\u00e1ria municipal de Meio Ambiente, Ana Cl\u00e1udia Passos, e C\u00e9lio Barbosa, presidente do Conselho Comunit\u00e1rio de Seguran\u00e7a P\u00fablica da Ind\u00fastria, Com\u00e9rcio e Entidades Afins (CONSEG).<\/p>\n<p data-start=\"1576\" data-end=\"1835\">A PRF agradece o apoio e o compromisso do parlamentar e das autoridades locais com a seguran\u00e7a p\u00fablica.<\/p>\n<\/div>\n<\/div>\n<\/div>\n<p data-start=\"1576\" data-end=\"1835\">\n<p data-start=\"1576\" data-end=\"1835\">Fonte: Nucom &#8211; PRF\/BA<\/p>\n","protected":false},"excerpt":{"rendered":"<p>Nesta quinta-feira (11), a Delegacia da Pol\u00edcia Rodovi\u00e1ria Federal (PRF) em Vit\u00f3ria da Conquista foi contemplada com a entrega de uma nova viatura operacional, viabilizada por meio de emenda parlamentar destinada pelo deputado federal L\u00e9o Prates. O refor\u00e7o na frota representa um importante avan\u00e7o para o trabalho da PRF na regi\u00e3o Sudoeste da Bahia, permitindo [&hellip;]<\/p>\n","protected":false},"author":1,"featured_media":136534,"comment_status":"closed","ping_status":"closed","sticky":false,"template":"","format":"standard","meta":[],"categories":[5],"tags":[],"_links":{"self":[{"href":"http:\/\/blitzconquista.com.br\/index.php?rest_route=\/wp\/v2\/posts\/136532"}],"collection":[{"href":"http:\/\/blitzconquista.com.br\/index.php?rest_route=\/wp\/v2\/posts"}],"about":[{"href":"http:\/\/blitzconquista.com.br\/index.php?rest_route=\/wp\/v2\/types\/post"}],"author":[{"embeddable":true,"href":"http:\/\/blitzconquista.com.br\/index.php?rest_route=\/wp\/v2\/users\/1"}],"replies":[{"embeddable":true,"href":"http:\/\/blitzconquista.com.br\/index.php?rest_route=%2Fwp%2Fv2%2Fcomments&post=136532"}],"version-history":[{"count":1,"href":"http:\/\/blitzconquista.com.br\/index.php?rest_route=\/wp\/v2\/posts\/136532\/revisions"}],"predecessor-version":[{"id":136535,"href":"http:\/\/blitzconquista.com.br\/index.php?rest_route=\/wp\/v2\/posts\/136532\/revisions\/136535"}],"wp:featuredmedia":[{"embeddable":true,"href":"http:\/\/blitzconquista.com.br\/index.php?rest_route=\/wp\/v2\/media\/136534"}],"wp:attachment":[{"href":"http:\/\/blitzconquista.com.br\/index.php?rest_route=%2Fwp%2Fv2%2Fmedia&parent=136532"}],"wp:term":[{"taxonomy":"category","embeddable":true,"href":"http:\/\/blitzconquista.com.br\/index.php?rest_route=%2Fwp%2Fv2%2Fcategories&post=136532"},{"taxonomy":"post_tag","embeddable":true,"href":"http:\/\/blitzconquista.com.br\/index.php?rest_route=%2Fwp%2Fv2%2Ftags&post=136532"}],"curies":[{"name":"wp","href":"https:\/\/api.w.org\/{rel}","templated":true}]}}