{"id":136613,"date":"2025-04-24T12:20:28","date_gmt":"2025-04-24T15:20:28","guid":{"rendered":"http:\/\/blitzconquista.com.br\/?p=136613"},"modified":"2025-04-24T12:20:42","modified_gmt":"2025-04-24T15:20:42","slug":"presidente-lula-entrega-a-pec-da-seguranca-publica-ao-congresso","status":"publish","type":"post","link":"http:\/\/blitzconquista.com.br\/?p=136613","title":{"rendered":"Presidente Lula entrega a PEC da Seguran\u00e7a P\u00fablica ao Congresso"},"content":{"rendered":"<div class=\"header-noticia fullwidth\">\n<h3 class=\"resumo-da-noticia fullwidth\" style=\"text-align: center;\">Proposta apresentada nesta quarta-feira (23) busca conferir status constitucional ao Sistema \u00danico de Seguran\u00e7a P\u00fablica (SUSP), para fortalecer o Estado no combate ao crime organizado. O texto foi elaborado pelo Minist\u00e9rio da Justi\u00e7a e Seguran\u00e7a P\u00fablica.<\/h3>\n<\/div>\n<div class=\"audio-noticia-container rowflex\">\n<div class=\"info-e-compartilhamento fullwidth rowflex rowflex-full\">\n<div class=\"data-publicacao rowflex\"><\/div>\n<\/div>\n<\/div>\n<div class=\"container-audiodescricao fullwidth\">\n<div class=\"row-nome-programa row-gray rowflex fullwidth\">\n<div class=\"linha\" style=\"text-align: center;\"><img decoding=\"async\" loading=\"lazy\" class=\"aligncenter wp-image-136615 size-large\" src=\"http:\/\/blitzconquista.com.br\/wp-content\/uploads\/2025\/04\/img20250423201307652-768x473-1-695x428.jpg\" alt=\"\" width=\"695\" height=\"428\" srcset=\"http:\/\/blitzconquista.com.br\/wp-content\/uploads\/2025\/04\/img20250423201307652-768x473-1-695x428.jpg 695w, http:\/\/blitzconquista.com.br\/wp-content\/uploads\/2025\/04\/img20250423201307652-768x473-1-300x185.jpg 300w, http:\/\/blitzconquista.com.br\/wp-content\/uploads\/2025\/04\/img20250423201307652-768x473-1.jpg 768w\" sizes=\"(max-width: 695px) 100vw, 695px\" \/><\/div>\n<\/div>\n<div class=\"texto-audiodescricao\">\n<p>O presidente Luiz In\u00e1cio Lula da Silva entregou, nesta quarta-feira (23), ao Congresso Nacional, a PEC da Seguran\u00e7a P\u00fablica. A proposta de mudan\u00e7a busca conferir status constitucional ao Sistema \u00danico de Seguran\u00e7a P\u00fablica (SUSP), criado em 2018.<\/p>\n<p>O presidente da C\u00e2mara dos Deputados, Hugo Motta, recebeu o documento. Segundo o presidente Lula, o governo federal vai se colocar \u00e0 disposi\u00e7\u00e3o, com intelig\u00eancia, recursos e vontade pol\u00edtica. Lula frisou que vai atuar para que a PEC da Seguran\u00e7a P\u00fablica possa ser votada o mais r\u00e1pido poss\u00edvel. A proposta vai ser analisada pela C\u00e2mara e pelo Senado.<\/p>\n<p>De acordo com o governo, o objetivo \u00e9 fortalecer a seguran\u00e7a p\u00fablica no Brasil sem interferir na autonomia dos estados, inclusive no combate ao crime organizado. Entre as principais medidas da proposta est\u00e1 a cria\u00e7\u00e3o do Conselho Nacional de Seguran\u00e7a P\u00fablica e Defesa Social, com a participa\u00e7\u00e3o da sociedade civil.<\/p>\n<p>O governo pretende incluir as guardas municipais como \u00f3rg\u00e3os de seguran\u00e7a p\u00fablica, al\u00e9m de atualizar as compet\u00eancias da Pol\u00edcia Federal e da Pol\u00edcia Rodovi\u00e1ria Federal, incluindo atua\u00e7\u00e3o em crimes ambientais e novas \u00e1reas como ferrovias e hidrovias.<\/p>\n<p>De acordo com o Minist\u00e9rio da Justi\u00e7a, a proposta \u00e9 fruto de amplo debate com governadores e representantes da sociedade civil, e consolida um esfor\u00e7o conjunto para enfrentar a crescente viol\u00eancia no pa\u00eds.<\/p>\n<p>&nbsp;<\/p>\n<p>Fonte: Ag\u00eancia R\u00e1dio Gov<\/p>\n<\/div>\n<\/div>\n","protected":false},"excerpt":{"rendered":"<p>Proposta apresentada nesta quarta-feira (23) busca conferir status constitucional ao Sistema \u00danico de Seguran\u00e7a P\u00fablica (SUSP), para fortalecer o Estado no combate ao crime organizado. O texto foi elaborado pelo Minist\u00e9rio da Justi\u00e7a e Seguran\u00e7a P\u00fablica. O presidente Luiz In\u00e1cio Lula da Silva entregou, nesta quarta-feira (23), ao Congresso Nacional, a PEC da Seguran\u00e7a P\u00fablica. [&hellip;]<\/p>\n","protected":false},"author":1,"featured_media":136615,"comment_status":"closed","ping_status":"closed","sticky":false,"template":"","format":"standard","meta":[],"categories":[5],"tags":[],"_links":{"self":[{"href":"http:\/\/blitzconquista.com.br\/index.php?rest_route=\/wp\/v2\/posts\/136613"}],"collection":[{"href":"http:\/\/blitzconquista.com.br\/index.php?rest_route=\/wp\/v2\/posts"}],"about":[{"href":"http:\/\/blitzconquista.com.br\/index.php?rest_route=\/wp\/v2\/types\/post"}],"author":[{"embeddable":true,"href":"http:\/\/blitzconquista.com.br\/index.php?rest_route=\/wp\/v2\/users\/1"}],"replies":[{"embeddable":true,"href":"http:\/\/blitzconquista.com.br\/index.php?rest_route=%2Fwp%2Fv2%2Fcomments&post=136613"}],"version-history":[{"count":1,"href":"http:\/\/blitzconquista.com.br\/index.php?rest_route=\/wp\/v2\/posts\/136613\/revisions"}],"predecessor-version":[{"id":136616,"href":"http:\/\/blitzconquista.com.br\/index.php?rest_route=\/wp\/v2\/posts\/136613\/revisions\/136616"}],"wp:featuredmedia":[{"embeddable":true,"href":"http:\/\/blitzconquista.com.br\/index.php?rest_route=\/wp\/v2\/media\/136615"}],"wp:attachment":[{"href":"http:\/\/blitzconquista.com.br\/index.php?rest_route=%2Fwp%2Fv2%2Fmedia&parent=136613"}],"wp:term":[{"taxonomy":"category","embeddable":true,"href":"http:\/\/blitzconquista.com.br\/index.php?rest_route=%2Fwp%2Fv2%2Fcategories&post=136613"},{"taxonomy":"post_tag","embeddable":true,"href":"http:\/\/blitzconquista.com.br\/index.php?rest_route=%2Fwp%2Fv2%2Ftags&post=136613"}],"curies":[{"name":"wp","href":"https:\/\/api.w.org\/{rel}","templated":true}]}}