{"id":136663,"date":"2025-04-29T11:30:17","date_gmt":"2025-04-29T14:30:17","guid":{"rendered":"http:\/\/blitzconquista.com.br\/?p=136663"},"modified":"2025-04-29T11:30:33","modified_gmt":"2025-04-29T14:30:33","slug":"confira-os-detalhes-da-segunda-edicao-do-concurso-nacional-unificado","status":"publish","type":"post","link":"http:\/\/blitzconquista.com.br\/?p=136663","title":{"rendered":"Confira os detalhes da segunda edi\u00e7\u00e3o do Concurso Nacional Unificado"},"content":{"rendered":"<div class=\"header-noticia fullwidth\">\n<h3 class=\"resumo-da-noticia fullwidth\" style=\"text-align: center;\">Novo edital vai oferecer 3.352 vagas em 35 \u00f3rg\u00e3os federais; primeira prova est\u00e1 prevista para o dia 5 de outubro.<\/h3>\n<\/div>\n<div class=\"audio-noticia-container rowflex\">\n<div class=\"info-e-compartilhamento fullwidth rowflex rowflex-full\">\n<div class=\"data-publicacao rowflex\"><\/div>\n<\/div>\n<\/div>\n<div class=\"container-audiodescricao fullwidth\">\n<div class=\"texto-audiodescricao\">\n<p><img decoding=\"async\" loading=\"lazy\" class=\"aligncenter wp-image-136665 \" src=\"http:\/\/blitzconquista.com.br\/wp-content\/uploads\/2025\/04\/Concurso-Nacional-Unificado-2025.jpeg\" alt=\"\" width=\"478\" height=\"268\" srcset=\"http:\/\/blitzconquista.com.br\/wp-content\/uploads\/2025\/04\/Concurso-Nacional-Unificado-2025.jpeg 300w, http:\/\/blitzconquista.com.br\/wp-content\/uploads\/2025\/04\/Concurso-Nacional-Unificado-2025-215x120.jpeg 215w\" sizes=\"(max-width: 478px) 100vw, 478px\" \/><\/p>\n<p>O Minist\u00e9rio da Gest\u00e3o e Inova\u00e7\u00e3o em Servi\u00e7os P\u00fablicos anunciou nesta segunda-feira (28) os detalhes do segundo Concurso P\u00fablico Nacional Unificado. A edi\u00e7\u00e3o deste ano vai oferecer 3.352 vagas em 35 \u00f3rg\u00e3os federais. Dessas vagas, 2.844 s\u00e3o para n\u00edvel superior e 508 para n\u00edvel m\u00e9dio.<\/p>\n<p>As provas v\u00e3o acontecer em duas etapas. A primeira prova, objetiva, est\u00e1 prevista para o dia 5 de outubro. A segunda prova, discursiva, est\u00e1 prevista para 7 de dezembro, para candidatos habilitados na primeira fase. As inscri\u00e7\u00f5es devem come\u00e7ar em julho deste ano.<\/p>\n<p>Entre os destaques do CPNU 2 est\u00e3o as novas carreiras de Analista T\u00e9cnico de Justi\u00e7a e Defesa e Analista T\u00e9cnico de Desenvolvimento Socioecon\u00f4mico. O concurso tamb\u00e9m vai abrir mil vagas para Analistas T\u00e9cnico-Administrativos, distribu\u00eddas em v\u00e1rios \u00f3rg\u00e3os.<\/p>\n<p>Outra novidade \u00e9 o uso de c\u00f3digo de barras nas provas, o que, para o governo, deve aumentar a seguran\u00e7a do processo.<\/p>\n<p>Mais informa\u00e7\u00f5es sobre o cronograma e os cargos est\u00e3o dispon\u00edveis no site gov.br\/gestao SEM O TIL.<\/p>\n<p>&nbsp;<\/p>\n<p>Fonte: Ag\u00eancia R\u00e1dio Gov<\/p>\n<\/div>\n<\/div>\n","protected":false},"excerpt":{"rendered":"<p>Novo edital vai oferecer 3.352 vagas em 35 \u00f3rg\u00e3os federais; primeira prova est\u00e1 prevista para o dia 5 de outubro. O Minist\u00e9rio da Gest\u00e3o e Inova\u00e7\u00e3o em Servi\u00e7os P\u00fablicos anunciou nesta segunda-feira (28) os detalhes do segundo Concurso P\u00fablico Nacional Unificado. A edi\u00e7\u00e3o deste ano vai oferecer 3.352 vagas em 35 \u00f3rg\u00e3os federais. Dessas vagas, [&hellip;]<\/p>\n","protected":false},"author":1,"featured_media":136665,"comment_status":"closed","ping_status":"closed","sticky":false,"template":"","format":"standard","meta":[],"categories":[478,212],"tags":[],"_links":{"self":[{"href":"http:\/\/blitzconquista.com.br\/index.php?rest_route=\/wp\/v2\/posts\/136663"}],"collection":[{"href":"http:\/\/blitzconquista.com.br\/index.php?rest_route=\/wp\/v2\/posts"}],"about":[{"href":"http:\/\/blitzconquista.com.br\/index.php?rest_route=\/wp\/v2\/types\/post"}],"author":[{"embeddable":true,"href":"http:\/\/blitzconquista.com.br\/index.php?rest_route=\/wp\/v2\/users\/1"}],"replies":[{"embeddable":true,"href":"http:\/\/blitzconquista.com.br\/index.php?rest_route=%2Fwp%2Fv2%2Fcomments&post=136663"}],"version-history":[{"count":1,"href":"http:\/\/blitzconquista.com.br\/index.php?rest_route=\/wp\/v2\/posts\/136663\/revisions"}],"predecessor-version":[{"id":136666,"href":"http:\/\/blitzconquista.com.br\/index.php?rest_route=\/wp\/v2\/posts\/136663\/revisions\/136666"}],"wp:featuredmedia":[{"embeddable":true,"href":"http:\/\/blitzconquista.com.br\/index.php?rest_route=\/wp\/v2\/media\/136665"}],"wp:attachment":[{"href":"http:\/\/blitzconquista.com.br\/index.php?rest_route=%2Fwp%2Fv2%2Fmedia&parent=136663"}],"wp:term":[{"taxonomy":"category","embeddable":true,"href":"http:\/\/blitzconquista.com.br\/index.php?rest_route=%2Fwp%2Fv2%2Fcategories&post=136663"},{"taxonomy":"post_tag","embeddable":true,"href":"http:\/\/blitzconquista.com.br\/index.php?rest_route=%2Fwp%2Fv2%2Ftags&post=136663"}],"curies":[{"name":"wp","href":"https:\/\/api.w.org\/{rel}","templated":true}]}}