{"id":138234,"date":"2025-08-08T10:51:24","date_gmt":"2025-08-08T13:51:24","guid":{"rendered":"https:\/\/blitzconquista.com.br\/?p=138234"},"modified":"2025-08-08T10:51:24","modified_gmt":"2025-08-08T13:51:24","slug":"dessalinizacao-e-reconhecida-como-politica-publica-eficiente","status":"publish","type":"post","link":"http:\/\/blitzconquista.com.br\/?p=138234","title":{"rendered":"Dessaliniza\u00e7\u00e3o \u00e9 reconhecida como pol\u00edtica p\u00fablica eficiente"},"content":{"rendered":"<h3 class=\"notice-regular__summary\" style=\"text-align: center;\">Programa \u00c1gua Doce \u00e9 apresentado como refer\u00eancia em acesso \u00e0 \u00e1gua pot\u00e1vel no semi\u00e1rido durante o Congresso ALADYR Brasil 2025<\/h3>\n<p><img decoding=\"async\" loading=\"lazy\" class=\"aligncenter size-large wp-image-138236\" src=\"http:\/\/blitzconquista.com.br\/wp-content\/uploads\/2025\/08\/9f8b99a3-7495-4af8-82ff-4b2e2cd6f1b3-695x447.jpeg\" alt=\"\" width=\"695\" height=\"447\" srcset=\"http:\/\/blitzconquista.com.br\/wp-content\/uploads\/2025\/08\/9f8b99a3-7495-4af8-82ff-4b2e2cd6f1b3-695x447.jpeg 695w, http:\/\/blitzconquista.com.br\/wp-content\/uploads\/2025\/08\/9f8b99a3-7495-4af8-82ff-4b2e2cd6f1b3-300x193.jpeg 300w, http:\/\/blitzconquista.com.br\/wp-content\/uploads\/2025\/08\/9f8b99a3-7495-4af8-82ff-4b2e2cd6f1b3-768x494.jpeg 768w, http:\/\/blitzconquista.com.br\/wp-content\/uploads\/2025\/08\/9f8b99a3-7495-4af8-82ff-4b2e2cd6f1b3-990x636.jpeg 990w, http:\/\/blitzconquista.com.br\/wp-content\/uploads\/2025\/08\/9f8b99a3-7495-4af8-82ff-4b2e2cd6f1b3-1320x849.jpeg 1320w, http:\/\/blitzconquista.com.br\/wp-content\/uploads\/2025\/08\/9f8b99a3-7495-4af8-82ff-4b2e2cd6f1b3.jpeg 1400w\" sizes=\"(max-width: 695px) 100vw, 695px\" \/><\/p>\n<p>O uso eficiente da \u00e1gua por meio do<strong> Programa \u00c1gua Doce (PAD)<\/strong> e os investimentos do Governo Federal para garantir o abastecimento nas regi\u00f5es mais cr\u00edticas do pa\u00eds foram alguns dos temas abordados pelo secret\u00e1rio Nacional de<strong> Seguran\u00e7a H\u00eddrica <\/strong>do <strong>Minist\u00e9rio da Integra\u00e7\u00e3o e do Desenvolvimento Regional (<a href=\"https:\/\/www.gov.br\/mdr\/pt-br\" target=\"_blank\" rel=\"noopener\">MIDR<\/a>)<\/strong>, Giuseppe Vieira, durante o C<strong>ongresso ALADYR Brasil 2025<\/strong>, em S\u00e3o Paulo. O evento, que aconteceu entre os dias 6 e 7 de agosto, reuniu especialistas do Brasil e de outros pa\u00edses para discutir solu\u00e7\u00f5es sustent\u00e1veis na gest\u00e3o h\u00eddrica voltadas especialmente \u00e0 ind\u00fastria.<\/p>\n<p>No encontro, que contou com mais de 300 participantes de cerca de 12 pa\u00edses, o secret\u00e1rio integrou o painel \u201c\u00c1gua Doce: 21 anos de inova\u00e7\u00e3o e sustentabilidade no Semi\u00e1rido brasileiro\u201d, onde apresentou as a\u00e7\u00f5es do Governo Federal para o fornecimento de \u00e1gua pot\u00e1vel ao semi\u00e1rido. \u201c\u00c9 uma satisfa\u00e7\u00e3o muito grande representar o Minist\u00e9rio da Integra\u00e7\u00e3o e do Desenvolvimento Regional e apresentar um programa criado h\u00e1 21 anos e que hoje conduzimos com muito orgulho\u201d, declarou.<\/p>\n<p>O <strong>PAD <\/strong>\u00e9 uma pol\u00edtica p\u00fablica coordenada pelo <strong>MIDR <\/strong>voltada a garantir o acesso \u00e0 \u00e1gua pot\u00e1vel de qualidade para comunidades rurais do semi\u00e1rido brasileiro, regi\u00e3o onde cerca de 70% dos po\u00e7os apresentam \u00e1gua salobra ou salina. O programa j\u00e1 conta com 1.200 unidades em opera\u00e7\u00e3o, fornecendo cerca de 4,8 milh\u00f5es de litros de \u00e1gua por dia para mais de 300 mil pessoas. Al\u00e9m de adotar tecnologias sustent\u00e1veis e adaptadas \u00e0 realidade local, o <strong>PAD <\/strong>aposta na capacita\u00e7\u00e3o de operadores das pr\u00f3prias comunidades, gest\u00e3o compartilhada, monitoramento cont\u00ednuo e integra\u00e7\u00e3o com outras pol\u00edticas p\u00fablicas, o que tem contribu\u00eddo para fortalecer a economia local, promover inclus\u00e3o social e aumentar a resili\u00eancia h\u00eddrica da regi\u00e3o mais vulner\u00e1vel \u00e0s mudan\u00e7as clim\u00e1ticas no pa\u00eds.<\/p>\n<p>Refor\u00e7ando o comprometimento do <strong>MIDR <\/strong>com o tema Seguran\u00e7a H\u00eddrica, Vieira tamb\u00e9m ressaltou a import\u00e2ncia de outras iniciativas da pasta que caminham juntas para garantir \u00e1gua de qualidade para a popula\u00e7\u00e3o, como \u00e9 o caso da revitaliza\u00e7\u00e3o das bacias hidrogr\u00e1ficas brasileiras. \u201cNada adianta realizarmos grandes investimentos em infraestrutura cinza se n\u00e3o cuidarmos das nossas nascentes, dos leitos dos rios, dos nossos mananciais\u201d, afirmou. Ele destacou que o Novo PAC j\u00e1 prev\u00ea cerca de R$ 5 bilh\u00f5es para a revitaliza\u00e7\u00e3o das bacias mais cr\u00edticas do pa\u00eds.<\/p>\n<h2>O congresso<\/h2>\n<p>O congresso \u00e9 promovido pela <strong>Associa\u00e7\u00e3o Latino-Americana de Dessaliniza\u00e7\u00e3o e Re\u00faso de \u00c1gua (ALADYR)<\/strong>, entidade sem fins lucrativos que atua h\u00e1 mais de 15 anos como refer\u00eancia continental na dissemina\u00e7\u00e3o de conhecimento t\u00e9cnico sobre gest\u00e3o h\u00eddrica, com foco em fontes n\u00e3o convencionais como a dessaliniza\u00e7\u00e3o e o re\u00faso de \u00e1gua.<\/p>\n<p>De acordo com o diretor da <strong>ALADYR<\/strong>, Eduardo Pedrosa, o congresso no Brasil \u00e9 o principal do setor de re\u00faso e dessaliniza\u00e7\u00e3o de \u00e1gua do mar no pa\u00eds. \u201cNesse debate t\u00e3o estrat\u00e9gico sobre seguran\u00e7a h\u00eddrica, nada melhor do que escutar o governo federal\u201d, ressaltou. \u201cTer a presen\u00e7a do <strong>MIDR <\/strong>no congresso \u00e9 fundamental. Ouvir diretamente do secret\u00e1rio Giuseppe Vieira quais s\u00e3o as prioridades do governo para a seguran\u00e7a h\u00eddrica enriquece o debate e aproxima as pol\u00edticas p\u00fablicas das solu\u00e7\u00f5es que a ind\u00fastria e a sociedade precisam\u201d, acrescentou.<\/p>\n<p>Fonte: <a href=\"https:\/\/brasil61.com\/n\/dessalinizacao-e-reconhecida-como-politica-publica-eficiente-pmdr253788?email=blitzconquistanoar@gmail.com&amp;utm_source=newsletter&amp;utm_medium=newsletter&amp;utm_campaign=newsletter\" target=\"_blank\" rel=\"noopener\">Brasil 61<\/a><\/p>\n","protected":false},"excerpt":{"rendered":"<p>Programa \u00c1gua Doce \u00e9 apresentado como refer\u00eancia em acesso \u00e0 \u00e1gua pot\u00e1vel no semi\u00e1rido durante o Congresso ALADYR Brasil 2025 O uso eficiente da \u00e1gua por meio do Programa \u00c1gua Doce (PAD) e os investimentos do Governo Federal para garantir o abastecimento nas regi\u00f5es mais cr\u00edticas do pa\u00eds foram alguns dos temas abordados pelo secret\u00e1rio [&hellip;]<\/p>\n","protected":false},"author":1,"featured_media":138236,"comment_status":"closed","ping_status":"closed","sticky":false,"template":"","format":"standard","meta":[],"categories":[5],"tags":[],"_links":{"self":[{"href":"http:\/\/blitzconquista.com.br\/index.php?rest_route=\/wp\/v2\/posts\/138234"}],"collection":[{"href":"http:\/\/blitzconquista.com.br\/index.php?rest_route=\/wp\/v2\/posts"}],"about":[{"href":"http:\/\/blitzconquista.com.br\/index.php?rest_route=\/wp\/v2\/types\/post"}],"author":[{"embeddable":true,"href":"http:\/\/blitzconquista.com.br\/index.php?rest_route=\/wp\/v2\/users\/1"}],"replies":[{"embeddable":true,"href":"http:\/\/blitzconquista.com.br\/index.php?rest_route=%2Fwp%2Fv2%2Fcomments&post=138234"}],"version-history":[{"count":1,"href":"http:\/\/blitzconquista.com.br\/index.php?rest_route=\/wp\/v2\/posts\/138234\/revisions"}],"predecessor-version":[{"id":138237,"href":"http:\/\/blitzconquista.com.br\/index.php?rest_route=\/wp\/v2\/posts\/138234\/revisions\/138237"}],"wp:featuredmedia":[{"embeddable":true,"href":"http:\/\/blitzconquista.com.br\/index.php?rest_route=\/wp\/v2\/media\/138236"}],"wp:attachment":[{"href":"http:\/\/blitzconquista.com.br\/index.php?rest_route=%2Fwp%2Fv2%2Fmedia&parent=138234"}],"wp:term":[{"taxonomy":"category","embeddable":true,"href":"http:\/\/blitzconquista.com.br\/index.php?rest_route=%2Fwp%2Fv2%2Fcategories&post=138234"},{"taxonomy":"post_tag","embeddable":true,"href":"http:\/\/blitzconquista.com.br\/index.php?rest_route=%2Fwp%2Fv2%2Ftags&post=138234"}],"curies":[{"name":"wp","href":"https:\/\/api.w.org\/{rel}","templated":true}]}}