{"id":138310,"date":"2025-08-27T11:06:24","date_gmt":"2025-08-27T14:06:24","guid":{"rendered":"https:\/\/blitzconquista.com.br\/?p=138310"},"modified":"2025-08-27T11:06:24","modified_gmt":"2025-08-27T14:06:24","slug":"bolsonaristas-tentam-ultima-manobra-no-congresso-para-adiar-condenacao-definitiva-de-bolsonaro","status":"publish","type":"post","link":"http:\/\/blitzconquista.com.br\/?p=138310","title":{"rendered":"Bolsonaristas tentam \u00faltima manobra no Congresso para adiar condena\u00e7\u00e3o definitiva de Bolsonaro"},"content":{"rendered":"<h3 style=\"text-align: center;\">PEC<strong> das Prerrogativas permitiria apela\u00e7\u00e3o da Primeira Turma ao plen\u00e1rio do STF<\/strong><\/h3>\n<p><img decoding=\"async\" loading=\"lazy\" class=\"aligncenter size-full wp-image-138312\" src=\"http:\/\/blitzconquista.com.br\/wp-content\/uploads\/2025\/08\/patriotas-falsos.jpg\" alt=\"\" width=\"400\" height=\"211\" srcset=\"http:\/\/blitzconquista.com.br\/wp-content\/uploads\/2025\/08\/patriotas-falsos.jpg 400w, http:\/\/blitzconquista.com.br\/wp-content\/uploads\/2025\/08\/patriotas-falsos-300x158.jpg 300w\" sizes=\"(max-width: 400px) 100vw, 400px\" \/><\/p>\n<p>A oposi\u00e7\u00e3o na C\u00e2mara dos Deputados articula a cria\u00e7\u00e3o de um \u201cduplo grau de jurisdi\u00e7\u00e3o\u201d para autoridades julgadas pela Primeira Turma do Supremo Tribunal Federal (STF). A movimenta\u00e7\u00e3o busca garantir a possibilidade de recurso ao plen\u00e1rio do tribunal \u2014 formado por onze ministros \u2014 caso haja condena\u00e7\u00e3o, informa Valdo Cruz, do\u00a0<a href=\"https:\/\/g1.globo.com\/politica\/blog\/valdo-cruz\/post\/2025\/08\/26\/em-nova-cartada-para-beneficiar-bolsonaro-oposicao-quer-aprovar-duplo-grau-de-jurisdicao-para-condenados-em-turmas-do-stf.ghtml\" target=\"_blank\" rel=\"noopener noreferrer\">g1<\/a>.<\/p>\n<p>O presidente da C\u00e2mara, Hugo Motta (Republicanos-PB), tem afirmado em entrevistas que o modelo atual prejudica parlamentares ao n\u00e3o assegurar uma segunda inst\u00e2ncia de revis\u00e3o. Em conversa \u00e0 GloboNews, ele refor\u00e7ou a cr\u00edtica ao lembrar que cidad\u00e3os comuns disp\u00f5em de outras inst\u00e2ncias recursais, enquanto detentores de foro no STF s\u00e3o julgados em inst\u00e2ncia \u00fanica nas turmas.<\/p>\n<p>A proposta \u2014 uma alternativa ao fim do foro \u2014 est\u00e1 sendo redesenhada pelo novo relator da chamada PEC das Prerrogativas, deputado Lafayette Andrada (Republicanos-MG). Andrada costura um texto para levar o tema diretamente ao plen\u00e1rio da C\u00e2mara, numa tentativa de acelerar a tramita\u00e7\u00e3o. Para avan\u00e7ar com rapidez, contudo, seria necess\u00e1rio um acordo amplo entre as bancadas<\/p>\n<p>Caso a mudan\u00e7a seja aprovada a tempo, Jair Bolsonaro, se condenado na Primeira Turma, passaria a ter direito de levar o caso ao plen\u00e1rio do STF. Aliados bolsonaristas veem nessa hip\u00f3tese a chance de um pedido de vista por parte de um ministro indicado por Bolsonaro, o que empurraria a conclus\u00e3o do julgamento para o pr\u00f3ximo ano, o da elei\u00e7\u00e3o presidencial<\/p>\n<p>Paralelamente \u00e0 disputa legislativa, a Procuradoria-Geral da Rep\u00fablica recomendou \u00e0 Pol\u00edcia Federal a ado\u00e7\u00e3o urgente de medidas de seguran\u00e7a no entorno da resid\u00eancia de Bolsonaro. O \u00f3rg\u00e3o pediu \u201cpoliciamento ostensivo e discreto nas imedia\u00e7\u00f5es do endere\u00e7o residencial\u201d, al\u00e9m de \u201cmanuten\u00e7\u00e3o e constante checagem do sistema de monitoramento eletr\u00f4nico, de forma a assegurar a efic\u00e1cia\u201d. A solicita\u00e7\u00e3o partiu do l\u00edder do PT, Lindbergh Farias, que argumentou n\u00e3o haver hoje um esquema de vigil\u00e2ncia e monitoramento adequado no local<\/p>\n<p>A estrat\u00e9gia da oposi\u00e7\u00e3o mira um redesenho do caminho judicial de autoridades com foro no STF. O \u201cduplo grau\u201d valeria, na pr\u00e1tica, como uma inst\u00e2ncia recursal interna: uma decis\u00e3o colegiada da Primeira Turma poderia ser reexaminada pelo plen\u00e1rio. O objetivo declarado por seus defensores \u00e9 aproximar o rito de autoridades ao de qualquer cidad\u00e3o, que disp\u00f5e de inst\u00e2ncias sucessivas para contestar condena\u00e7\u00f5es<\/p>\n<p>&nbsp;<\/p>\n<p>Por Blog do Paulo Nunes<\/p>\n","protected":false},"excerpt":{"rendered":"<p>PEC das Prerrogativas permitiria apela\u00e7\u00e3o da Primeira Turma ao plen\u00e1rio do STF A oposi\u00e7\u00e3o na C\u00e2mara dos Deputados articula a cria\u00e7\u00e3o de um \u201cduplo grau de jurisdi\u00e7\u00e3o\u201d para autoridades julgadas pela Primeira Turma do Supremo Tribunal Federal (STF). A movimenta\u00e7\u00e3o busca garantir a possibilidade de recurso ao plen\u00e1rio do tribunal \u2014 formado por onze ministros [&hellip;]<\/p>\n","protected":false},"author":1,"featured_media":138312,"comment_status":"closed","ping_status":"closed","sticky":false,"template":"","format":"standard","meta":[],"categories":[5],"tags":[],"_links":{"self":[{"href":"http:\/\/blitzconquista.com.br\/index.php?rest_route=\/wp\/v2\/posts\/138310"}],"collection":[{"href":"http:\/\/blitzconquista.com.br\/index.php?rest_route=\/wp\/v2\/posts"}],"about":[{"href":"http:\/\/blitzconquista.com.br\/index.php?rest_route=\/wp\/v2\/types\/post"}],"author":[{"embeddable":true,"href":"http:\/\/blitzconquista.com.br\/index.php?rest_route=\/wp\/v2\/users\/1"}],"replies":[{"embeddable":true,"href":"http:\/\/blitzconquista.com.br\/index.php?rest_route=%2Fwp%2Fv2%2Fcomments&post=138310"}],"version-history":[{"count":1,"href":"http:\/\/blitzconquista.com.br\/index.php?rest_route=\/wp\/v2\/posts\/138310\/revisions"}],"predecessor-version":[{"id":138313,"href":"http:\/\/blitzconquista.com.br\/index.php?rest_route=\/wp\/v2\/posts\/138310\/revisions\/138313"}],"wp:featuredmedia":[{"embeddable":true,"href":"http:\/\/blitzconquista.com.br\/index.php?rest_route=\/wp\/v2\/media\/138312"}],"wp:attachment":[{"href":"http:\/\/blitzconquista.com.br\/index.php?rest_route=%2Fwp%2Fv2%2Fmedia&parent=138310"}],"wp:term":[{"taxonomy":"category","embeddable":true,"href":"http:\/\/blitzconquista.com.br\/index.php?rest_route=%2Fwp%2Fv2%2Fcategories&post=138310"},{"taxonomy":"post_tag","embeddable":true,"href":"http:\/\/blitzconquista.com.br\/index.php?rest_route=%2Fwp%2Fv2%2Ftags&post=138310"}],"curies":[{"name":"wp","href":"https:\/\/api.w.org\/{rel}","templated":true}]}}