{"id":138419,"date":"2025-09-03T19:37:44","date_gmt":"2025-09-03T22:37:44","guid":{"rendered":"https:\/\/blitzconquista.com.br\/?p=138419"},"modified":"2025-09-03T19:37:44","modified_gmt":"2025-09-03T22:37:44","slug":"fugitivo-de-unidade-prisional-e-preso-em-caraibas-sudoeste-da-bahia","status":"publish","type":"post","link":"http:\/\/blitzconquista.com.br\/?p=138419","title":{"rendered":"Fugitivo de unidade prisional \u00e9 preso em Cara\u00edbas, sudoeste da Bahia"},"content":{"rendered":"<div class=\"html-div x14z9mp xat24cr x1lziwak xexx8yu xyri2b x18d9i69 x1c1uobl x9f619 xjbqb8w x1rg5ohu x15mokao x1ga7v0g x16uus16 xbiv7yw x1uhb9sk x1plvlek xryxfnj x1c4vz4f x2lah0s x1oa3qoh x193iq5w x1xmf6yo\">\n<div><span class=\"_ap3a _aaco _aacu _aacx _aad7 _aade\" dir=\"auto\"><img decoding=\"async\" loading=\"lazy\" class=\"aligncenter size-full wp-image-138422\" src=\"http:\/\/blitzconquista.com.br\/wp-content\/uploads\/2025\/09\/Screenshot-2025-09-03-at-19-36-20-Instagram.png\" alt=\"\" width=\"468\" height=\"468\" srcset=\"http:\/\/blitzconquista.com.br\/wp-content\/uploads\/2025\/09\/Screenshot-2025-09-03-at-19-36-20-Instagram.png 468w, http:\/\/blitzconquista.com.br\/wp-content\/uploads\/2025\/09\/Screenshot-2025-09-03-at-19-36-20-Instagram-300x300.png 300w, http:\/\/blitzconquista.com.br\/wp-content\/uploads\/2025\/09\/Screenshot-2025-09-03-at-19-36-20-Instagram-150x150.png 150w, http:\/\/blitzconquista.com.br\/wp-content\/uploads\/2025\/09\/Screenshot-2025-09-03-at-19-36-20-Instagram-65x65.png 65w, http:\/\/blitzconquista.com.br\/wp-content\/uploads\/2025\/09\/Screenshot-2025-09-03-at-19-36-20-Instagram-215x215.png 215w\" sizes=\"(max-width: 468px) 100vw, 468px\" \/>Um homem de 53 anos, que havia fugido h\u00e1 dois meses do Pres\u00eddio Nilton Gon\u00e7alves, em Vit\u00f3ria da Conquista, foi recapturado na ter\u00e7a-feira (2), em cumprimento de mandado, na zona rural do munic\u00edpio de Cara\u00edbas.<\/p>\n<p>Ele foi localizado ap\u00f3s atear fogo em um c\u00f4modo da resid\u00eancia onde morava com a companheira, no povoado de T\u00e1bua do Nestor, no dia anterior. Em interrogat\u00f3rio, admitiu n\u00e3o ter retornado \u00e0 unidade prisional ap\u00f3s o benef\u00edcio da sa\u00edda tempor\u00e1ria. O condenado cumpria pena pelos crimes de homic\u00eddio e estupro.<\/p>\n<p>Ap\u00f3s a captura, o foragido foi apresentado na Delegacia Territorial da cidade, passou por exames de corpo de delito e foi encaminhado novamente ao pres\u00eddio de origem, onde permanece \u00e0 disposi\u00e7\u00e3o do Poder Judici\u00e1rio.<\/span><\/div>\n<div><\/div>\n<div><span class=\"_ap3a _aaco _aacu _aacx _aad7 _aade\" dir=\"auto\">Fonte:\u00a0 Pol\u00edcia Civil \/ BA<\/p>\n<p><\/span><\/div>\n<\/div>\n<div class=\"html-div x14z9mp xat24cr x1lziwak xexx8yu xyri2b x18d9i69 x1c1uobl x9f619 xjbqb8w x78zum5 x15mokao x1ga7v0g x16uus16 xbiv7yw x1xmf6yo x1uhb9sk x1plvlek xryxfnj x1c4vz4f x2lah0s xdt5ytf xqjyukv x1qjc9v5 x1oa3qoh x1nhvcw1\">\n<section class=\"x5ur3kl x178xt8z x1roi4f4 x2lah0s xvs91rp xl56j7k x17ydfre x1n2onr6 x1qiirwl xh8yej3 x1ejq31n x18oe1m7 x1sy0etr xstzfhl x3hdcf8 xje27ih x18dplov xozx76t\">\n<div class=\"x6s0dn4 x1ixjvfu xso031l x1yvgwvq x178xt8z x78zum5 x1q0g3np x1a02dak x1nhvcw1 xvbhtw8 xum2pek x1p2znge xckx8r1 x12qyh8a x1ejq31n x18oe1m7 x1sy0etr xstzfhl xexx8yu xyri2b x18d9i69 x1c1uobl\">\n<form class=\"x78zum5 x1q0g3np x1iyjqo2 xs83m0k xln7xf2 xk390pu xvbhtw8 x1yvgwvq xjd31um x1ixjvfu xwt6s21 x178xt8z x1lun4ml xso031l xpilrb4 xum2pek x1p2znge xckx8r1 x12qyh8a x1ejq31n x18oe1m7 x1sy0etr xstzfhl xdj266r x14z9mp xat24cr x1lziwak xexx8yu xyri2b x18d9i69 x1c1uobl\" method=\"POST\">\n<div class=\"x6s0dn4 x78zum5 x1q0g3np x1iyjqo2 xs83m0k xln7xf2 xk390pu xdj266r x14z9mp xat24cr x1lziwak xexx8yu xyri2b x18d9i69 x1c1uobl x11njtxf\">\n<div class=\"xo1ph6p xexx8yu xyri2b x18d9i69 x1c1uobl xbelrpt\">\n<div class=\"x1i10hfl x972fbf x10w94by x1qhh985 x14e42zd x9f619 x3ct3a4 xdj266r x14z9mp xat24cr x1lziwak x16tdsg8 x1hl2dhg xggy1nq x1a2a7pz x6s0dn4 xjbqb8w x1ejq31n x18oe1m7 x1sy0etr xstzfhl x1ypdohk x78zum5 xl56j7k xcdnw81 xexx8yu xyri2b x18d9i69 x1c1uobl\" tabindex=\"0\" role=\"button\">\n<div class=\"x6s0dn4 x78zum5 xdt5ytf xl56j7k\"><\/div>\n<\/div>\n<\/div>\n<\/div>\n<\/form>\n<\/div>\n<\/section>\n<\/div>\n","protected":false},"excerpt":{"rendered":"<p>Um homem de 53 anos, que havia fugido h\u00e1 dois meses do Pres\u00eddio Nilton Gon\u00e7alves, em Vit\u00f3ria da Conquista, foi recapturado na ter\u00e7a-feira (2), em cumprimento de mandado, na zona rural do munic\u00edpio de Cara\u00edbas. Ele foi localizado ap\u00f3s atear fogo em um c\u00f4modo da resid\u00eancia onde morava com a companheira, no povoado de T\u00e1bua [&hellip;]<\/p>\n","protected":false},"author":1,"featured_media":138422,"comment_status":"closed","ping_status":"closed","sticky":false,"template":"","format":"standard","meta":[],"categories":[3],"tags":[],"_links":{"self":[{"href":"http:\/\/blitzconquista.com.br\/index.php?rest_route=\/wp\/v2\/posts\/138419"}],"collection":[{"href":"http:\/\/blitzconquista.com.br\/index.php?rest_route=\/wp\/v2\/posts"}],"about":[{"href":"http:\/\/blitzconquista.com.br\/index.php?rest_route=\/wp\/v2\/types\/post"}],"author":[{"embeddable":true,"href":"http:\/\/blitzconquista.com.br\/index.php?rest_route=\/wp\/v2\/users\/1"}],"replies":[{"embeddable":true,"href":"http:\/\/blitzconquista.com.br\/index.php?rest_route=%2Fwp%2Fv2%2Fcomments&post=138419"}],"version-history":[{"count":1,"href":"http:\/\/blitzconquista.com.br\/index.php?rest_route=\/wp\/v2\/posts\/138419\/revisions"}],"predecessor-version":[{"id":138423,"href":"http:\/\/blitzconquista.com.br\/index.php?rest_route=\/wp\/v2\/posts\/138419\/revisions\/138423"}],"wp:featuredmedia":[{"embeddable":true,"href":"http:\/\/blitzconquista.com.br\/index.php?rest_route=\/wp\/v2\/media\/138422"}],"wp:attachment":[{"href":"http:\/\/blitzconquista.com.br\/index.php?rest_route=%2Fwp%2Fv2%2Fmedia&parent=138419"}],"wp:term":[{"taxonomy":"category","embeddable":true,"href":"http:\/\/blitzconquista.com.br\/index.php?rest_route=%2Fwp%2Fv2%2Fcategories&post=138419"},{"taxonomy":"post_tag","embeddable":true,"href":"http:\/\/blitzconquista.com.br\/index.php?rest_route=%2Fwp%2Fv2%2Ftags&post=138419"}],"curies":[{"name":"wp","href":"https:\/\/api.w.org\/{rel}","templated":true}]}}