{"id":139563,"date":"2025-10-15T09:56:46","date_gmt":"2025-10-15T12:56:46","guid":{"rendered":"https:\/\/blitzconquista.com.br\/?p=139563"},"modified":"2025-10-15T09:56:46","modified_gmt":"2025-10-15T12:56:46","slug":"em-jequie-ba-prf-recupera-veiculo-roubado","status":"publish","type":"post","link":"http:\/\/blitzconquista.com.br\/?p=139563","title":{"rendered":"Em Jequi\u00e9 (BA), PRF recupera ve\u00edculo roubado"},"content":{"rendered":"<h3 class=\"documentDescription\" style=\"text-align: center;\">Equipe identificou sinais de adultera\u00e7\u00e3o e descobriu que o carro havia sido roubado em Salvador h\u00e1 quase tr\u00eas anos<\/h3>\n<div id=\"viewlet-above-content-body\">\n<div id=\"plone-document-byline\" class=\"documentByLine\">\n<div id=\"media\"><img decoding=\"async\" loading=\"lazy\" class=\"aligncenter\" src=\"https:\/\/www.gov.br\/prf\/pt-br\/noticias\/estaduais\/bahia\/2025\/outubro\/em-jequie-ba-prf-recupera-veiculo-roubado\/imagem-do-whatsapp-de-2025-10-15-a-s-09-18-02_1130ec2e.jpg\/@@images\/ff876762-482c-4f36-a7d2-d2d0249faf6b.jpeg\" alt=\"Imagem do WhatsApp de 2025-10-15 \u00e0(s) 09.18.02_1130ec2e.jpg\" width=\"768\" height=\"576\" \/><\/div>\n<\/div>\n<\/div>\n<div id=\"content-core\">\n<div id=\"parent-fieldname-text\" class=\"\">\n<div>\n<p data-start=\"435\" data-end=\"777\">A Pol\u00edcia Rodovi\u00e1ria Federal (PRF) recuperou, na ter\u00e7a-feira (14), em Jequi\u00e9, sudoeste da Bahia, um ve\u00edculo que havia sido roubado em Salvador no ano de 2022. A recupera\u00e7\u00e3o ocorreu durante uma fiscaliza\u00e7\u00e3o de rotina realizada por volta das 11h, em frente ao posto da PRF, quando os policiais abordaram o autom\u00f3vel conduzido por um homem.<\/p>\n<p data-start=\"779\" data-end=\"1046\">Ao inspecionar o carro, a equipe identificou sinais de adultera\u00e7\u00e3o em v\u00e1rios elementos de identifica\u00e7\u00e3o. Ap\u00f3s uma an\u00e1lise detalhada, foi poss\u00edvel confirmar que o ve\u00edculo original possu\u00eda registro de roubo\/furto ocorrido em 15 de dezembro de 2022, na capital baiana.<\/p>\n<p data-start=\"1048\" data-end=\"1267\" data-is-last-node=\"\" data-is-only-node=\"\">Diante das evid\u00eancias, o condutor e o autom\u00f3vel foram encaminhados \u00e0 Delegacia de Pol\u00edcia Civil de Jequi\u00e9 para os procedimentos cab\u00edveis. A ocorr\u00eancia foi registrada, a princ\u00edpio, como recepta\u00e7\u00e3o de ve\u00edculo roubado.<\/p>\n<\/div>\n<\/div>\n<\/div>\n<p data-start=\"1048\" data-end=\"1267\" data-is-last-node=\"\" data-is-only-node=\"\">\n<p data-start=\"1048\" data-end=\"1267\" data-is-last-node=\"\" data-is-only-node=\"\">Fonte: Nucom &#8211; PRF\/BA<\/p>\n","protected":false},"excerpt":{"rendered":"<p>Equipe identificou sinais de adultera\u00e7\u00e3o e descobriu que o carro havia sido roubado em Salvador h\u00e1 quase tr\u00eas anos A Pol\u00edcia Rodovi\u00e1ria Federal (PRF) recuperou, na ter\u00e7a-feira (14), em Jequi\u00e9, sudoeste da Bahia, um ve\u00edculo que havia sido roubado em Salvador no ano de 2022. A recupera\u00e7\u00e3o ocorreu durante uma fiscaliza\u00e7\u00e3o de rotina realizada por [&hellip;]<\/p>\n","protected":false},"author":1,"featured_media":139565,"comment_status":"closed","ping_status":"closed","sticky":false,"template":"","format":"standard","meta":[],"categories":[3],"tags":[],"_links":{"self":[{"href":"http:\/\/blitzconquista.com.br\/index.php?rest_route=\/wp\/v2\/posts\/139563"}],"collection":[{"href":"http:\/\/blitzconquista.com.br\/index.php?rest_route=\/wp\/v2\/posts"}],"about":[{"href":"http:\/\/blitzconquista.com.br\/index.php?rest_route=\/wp\/v2\/types\/post"}],"author":[{"embeddable":true,"href":"http:\/\/blitzconquista.com.br\/index.php?rest_route=\/wp\/v2\/users\/1"}],"replies":[{"embeddable":true,"href":"http:\/\/blitzconquista.com.br\/index.php?rest_route=%2Fwp%2Fv2%2Fcomments&post=139563"}],"version-history":[{"count":1,"href":"http:\/\/blitzconquista.com.br\/index.php?rest_route=\/wp\/v2\/posts\/139563\/revisions"}],"predecessor-version":[{"id":139566,"href":"http:\/\/blitzconquista.com.br\/index.php?rest_route=\/wp\/v2\/posts\/139563\/revisions\/139566"}],"wp:featuredmedia":[{"embeddable":true,"href":"http:\/\/blitzconquista.com.br\/index.php?rest_route=\/wp\/v2\/media\/139565"}],"wp:attachment":[{"href":"http:\/\/blitzconquista.com.br\/index.php?rest_route=%2Fwp%2Fv2%2Fmedia&parent=139563"}],"wp:term":[{"taxonomy":"category","embeddable":true,"href":"http:\/\/blitzconquista.com.br\/index.php?rest_route=%2Fwp%2Fv2%2Fcategories&post=139563"},{"taxonomy":"post_tag","embeddable":true,"href":"http:\/\/blitzconquista.com.br\/index.php?rest_route=%2Fwp%2Fv2%2Ftags&post=139563"}],"curies":[{"name":"wp","href":"https:\/\/api.w.org\/{rel}","templated":true}]}}