{"id":139567,"date":"2025-10-15T10:09:42","date_gmt":"2025-10-15T13:09:42","guid":{"rendered":"https:\/\/blitzconquista.com.br\/?p=139567"},"modified":"2025-10-15T10:09:42","modified_gmt":"2025-10-15T13:09:42","slug":"ficco-ilheus-deflagra-operacao-contra-organizacao-criminosa-na-bahia","status":"publish","type":"post","link":"http:\/\/blitzconquista.com.br\/?p=139567","title":{"rendered":"FICCO\/Ilh\u00e9us deflagra opera\u00e7\u00e3o contra organiza\u00e7\u00e3o criminosa na Bahia"},"content":{"rendered":"<h3 class=\"documentDescription\" style=\"text-align: center;\">Opera\u00e7\u00e3o Pen\u00ednsula cumpre 14 mandados de busca e apreens\u00e3o e 6 mandados de pris\u00e3o<\/h3>\n<div id=\"viewlet-above-content-body\">\n<div class=\"swiper-container swiper-container-horizontal\">\n<div class=\"swiper-wrapper\">\n<div class=\"swiper-slide swiper-slide-active\">\n<div class=\"swiper-player aspect-16-9\">\n<div class=\"swiper-image-wrapper\"><img decoding=\"async\" loading=\"lazy\" class=\"aligncenter\" src=\"https:\/\/www.gov.br\/pf\/pt-br\/assuntos\/noticias\/2025\/10\/ficco-ilheus-deflagra-operacao-contra-organizacao-criminosa-na-bahia\/9f8d9838-5ef5-4e05-878d-9a9dba1dbfe5.jpg\/@@images\/fc6f844c-b2a2-4040-93f7-f8d2173db9a9.jpeg\" alt=\"9f8d9838-5ef5-4e05-878d-9a9dba1dbfe5.jpg\" width=\"768\" height=\"576\" \/><\/div>\n<\/div>\n<\/div>\n<\/div>\n<\/div>\n<\/div>\n<div id=\"content-core\">\n<div id=\"parent-fieldname-text\" class=\"\">\n<div>\n<p dir=\"ltr\"><strong>Ilh\u00e9us\/BA.<\/strong>\u00a0A For\u00e7a Integrada de Combate ao Crime Organizado de Ilh\u00e9us (FICCO\/Ilh\u00e9us), em a\u00e7\u00e3o conjunta com a Delegacia da Pol\u00edcia Civil de Mara\u00fa, deflagrou na manh\u00e3 desta quarta-feira (15\/10) a Opera\u00e7\u00e3o Pen\u00ednsula. A a\u00e7\u00e3o visa combater o tr\u00e1fico de drogas, o tr\u00e1fico de armas, homic\u00eddios e a organiza\u00e7\u00e3o criminosa.<\/p>\n<p dir=\"ltr\">Foram cumpridos 14 mandados de busca e apreens\u00e3o e 6 mandados de pris\u00e3o nos munic\u00edpios de Mara\u00fa, Camamu e Itacar\u00e9. Os mandados foram expedidos pela Vara Criminal de Itacar\u00e9\/BA.<\/p>\n<p dir=\"ltr\">A investiga\u00e7\u00e3o prossegue com a an\u00e1lise do material apreendido. Os presos foram encaminhados ao sistema prisional e poder\u00e3o responder pelos crimes apurados.<\/p>\n<p dir=\"ltr\">A a\u00e7\u00e3o conta com o apoio da Diretoria Regional de Pol\u00edcia do Interior Sul, atrav\u00e9s das 6\u00aa e 7\u00aa Coordenadorias Regionais de Pol\u00edcia do Interior da Pol\u00edcia Civil, e das seguintes unidades especializadas da Pol\u00edcia Militar da Bahia: Coordena\u00e7\u00e3o de Opera\u00e7\u00f5es de Intelig\u00eancia (CoordoInt\/CPRS), RONDESP Sul, RONDESP Rec\u00f4ncavo, CIPE Cacaueira, 72\u00aa\/Itacar\u00e9, 31\u00ba BPM\/Valen\u00e7a, TOR e BOPE.<\/p>\n<p dir=\"ltr\">A FICCO\/Ilh\u00e9us \u00e9 composta pela Pol\u00edcia Federal, Pol\u00edcia Civil e Pol\u00edcia Militar, atuando de forma integrada no enfrentamento ao crime organizado na regi\u00e3o.<\/p>\n<div class=\"swiper-slide\">\n<div class=\"swiper-player aspect-16-9\">\n<div class=\"swiper-image-wrapper\"><img decoding=\"async\" loading=\"lazy\" class=\"aligncenter\" src=\"https:\/\/www.gov.br\/pf\/pt-br\/assuntos\/noticias\/2025\/10\/ficco-ilheus-deflagra-operacao-contra-organizacao-criminosa-na-bahia\/9e7b284a-ff53-4a75-954d-e81e407c4aa3.jpg\/@@images\/5d851e54-85ba-42ab-a76d-4634671a4935.jpeg\" alt=\"9e7b284a-ff53-4a75-954d-e81e407c4aa3.jpg\" width=\"576\" height=\"768\" \/><\/div>\n<\/div>\n<div class=\"swiper-description\"><\/div>\n<\/div>\n<div class=\"swiper-slide\">\n<div class=\"swiper-player aspect-16-9\">\n<div class=\"swiper-image-wrapper\"><img decoding=\"async\" loading=\"lazy\" class=\"aligncenter\" src=\"https:\/\/www.gov.br\/pf\/pt-br\/assuntos\/noticias\/2025\/10\/ficco-ilheus-deflagra-operacao-contra-organizacao-criminosa-na-bahia\/f21a5a57-2252-4705-b11f-ed55c1fdb960.jpg\/@@images\/9b782522-f2ef-43ee-aac5-0724e4560641.jpeg\" alt=\"f21a5a57-2252-4705-b11f-ed55c1fdb960.jpg\" width=\"768\" height=\"432\" \/><\/div>\n<div><\/div>\n<\/div>\n<div><img decoding=\"async\" loading=\"lazy\" class=\"aligncenter\" src=\"https:\/\/www.gov.br\/pf\/pt-br\/assuntos\/noticias\/2025\/10\/ficco-ilheus-deflagra-operacao-contra-organizacao-criminosa-na-bahia\/1aed5ce6-6c24-4c8c-aa19-9916a8a99570.jpg\/@@images\/9b2f275c-bf4c-4dc7-96f8-29bded20d1d5.jpeg\" alt=\"1aed5ce6-6c24-4c8c-aa19-9916a8a99570.jpg\" width=\"576\" height=\"768\" \/><\/div>\n<\/div>\n<p>Fonte: Comunica\u00e7\u00e3o Social da Pol\u00edcia Federal na Bahia<\/p>\n<\/div>\n<\/div>\n<\/div>\n","protected":false},"excerpt":{"rendered":"<p>Opera\u00e7\u00e3o Pen\u00ednsula cumpre 14 mandados de busca e apreens\u00e3o e 6 mandados de pris\u00e3o Ilh\u00e9us\/BA.\u00a0A For\u00e7a Integrada de Combate ao Crime Organizado de Ilh\u00e9us (FICCO\/Ilh\u00e9us), em a\u00e7\u00e3o conjunta com a Delegacia da Pol\u00edcia Civil de Mara\u00fa, deflagrou na manh\u00e3 desta quarta-feira (15\/10) a Opera\u00e7\u00e3o Pen\u00ednsula. A a\u00e7\u00e3o visa combater o tr\u00e1fico de drogas, o tr\u00e1fico [&hellip;]<\/p>\n","protected":false},"author":1,"featured_media":139569,"comment_status":"closed","ping_status":"closed","sticky":false,"template":"","format":"standard","meta":[],"categories":[212,3],"tags":[],"_links":{"self":[{"href":"http:\/\/blitzconquista.com.br\/index.php?rest_route=\/wp\/v2\/posts\/139567"}],"collection":[{"href":"http:\/\/blitzconquista.com.br\/index.php?rest_route=\/wp\/v2\/posts"}],"about":[{"href":"http:\/\/blitzconquista.com.br\/index.php?rest_route=\/wp\/v2\/types\/post"}],"author":[{"embeddable":true,"href":"http:\/\/blitzconquista.com.br\/index.php?rest_route=\/wp\/v2\/users\/1"}],"replies":[{"embeddable":true,"href":"http:\/\/blitzconquista.com.br\/index.php?rest_route=%2Fwp%2Fv2%2Fcomments&post=139567"}],"version-history":[{"count":1,"href":"http:\/\/blitzconquista.com.br\/index.php?rest_route=\/wp\/v2\/posts\/139567\/revisions"}],"predecessor-version":[{"id":139570,"href":"http:\/\/blitzconquista.com.br\/index.php?rest_route=\/wp\/v2\/posts\/139567\/revisions\/139570"}],"wp:featuredmedia":[{"embeddable":true,"href":"http:\/\/blitzconquista.com.br\/index.php?rest_route=\/wp\/v2\/media\/139569"}],"wp:attachment":[{"href":"http:\/\/blitzconquista.com.br\/index.php?rest_route=%2Fwp%2Fv2%2Fmedia&parent=139567"}],"wp:term":[{"taxonomy":"category","embeddable":true,"href":"http:\/\/blitzconquista.com.br\/index.php?rest_route=%2Fwp%2Fv2%2Fcategories&post=139567"},{"taxonomy":"post_tag","embeddable":true,"href":"http:\/\/blitzconquista.com.br\/index.php?rest_route=%2Fwp%2Fv2%2Ftags&post=139567"}],"curies":[{"name":"wp","href":"https:\/\/api.w.org\/{rel}","templated":true}]}}