{"id":139571,"date":"2025-10-15T10:12:36","date_gmt":"2025-10-15T13:12:36","guid":{"rendered":"https:\/\/blitzconquista.com.br\/?p=139571"},"modified":"2025-10-15T10:29:39","modified_gmt":"2025-10-15T13:29:39","slug":"pf-e-mpf-deflagram-operacao-para-desarticular-organizacao-criminosa-que-fabricava-fuzis-em-escala-industrial-para-faccoes-do-rj","status":"publish","type":"post","link":"http:\/\/blitzconquista.com.br\/?p=139571","title":{"rendered":"PF e MPF deflagram opera\u00e7\u00e3o para desarticular organiza\u00e7\u00e3o criminosa que fabricava fuzis em escala industrial para fac\u00e7\u00f5es do RJ"},"content":{"rendered":"<h3 class=\"documentDescription\" style=\"text-align: center;\">Mesmo condenado a 12 anos de pris\u00e3o, l\u00edder do esquema comandava as a\u00e7\u00f5es em pris\u00e3o domiciliar; Justi\u00e7a determinou o bloqueio de R$ 40 milh\u00f5es dos investigados<\/h3>\n<div id=\"viewlet-above-content-body\">\n<div id=\"media\">\n<figure style=\"width: 768px\" class=\"wp-caption aligncenter\"><img decoding=\"async\" loading=\"lazy\" src=\"https:\/\/www.gov.br\/pf\/pt-br\/assuntos\/noticias\/2025\/10\/pf-e-mpf-deflagram-operacao-forja-para-desarticular-organizacao-criminosa-que-fabricava-fuzis-em-escala-industrial-para-faccoes-do-rj\/whatsapp-image-2025-07-18-at-07-54-41.jpeg\/@@images\/861438b7-bb79-4b5b-a478-cfa84c9fa30f.jpeg\" alt=\"WhatsApp Image 2025-07-18 at 07.54.41.jpeg\" width=\"768\" height=\"576\" \/><figcaption class=\"wp-caption-text\">Arquivo<\/figcaption><\/figure>\n<\/div>\n<\/div>\n<div id=\"content-core\">\n<div id=\"parent-fieldname-text\" class=\"\">\n<div>\n<p><strong>Rio de Janeiro\/RJ.<\/strong>\u00a0Na manh\u00e3 desta quarta-feira, 15\/10, a Pol\u00edcia Federal deflagrou a Opera\u00e7\u00e3o Forja, com o objetivo de desarticular uma organiza\u00e7\u00e3o criminosa especializada na produ\u00e7\u00e3o, montagem e com\u00e9rcio ilegal de armas de fogo de uso restrito, com capacidade estimada em 3.500 fuzis\/ano, que abasteciam as principais fac\u00e7\u00f5es do Rio de Janeiro. A a\u00e7\u00e3o, desenvolvida em conjunta com o Grupo de Atua\u00e7\u00e3o Especial de Combate ao Crime Organizado do Minist\u00e9rio P\u00fablico Federal (GAECO\/MPF), contou com o apoio da Pol\u00edcia Militar do Estado de S\u00e3o Paulo (PMSP).<\/p>\n<p>Cerca de 50 policiais federais cumprem dez mandados de pris\u00e3o preventiva e oito mandados de busca e apreens\u00e3o nos estados do Rio de Janeiro, S\u00e3o Paulo e Minas Gerais. Al\u00e9m das pris\u00f5es e buscas, a Justi\u00e7a Federal determinou o sequestro de R$ 40 milh\u00f5es em bens e valores dos investigados, visando descapitalizar a organiza\u00e7\u00e3o criminosa.<\/p>\n<p>A investiga\u00e7\u00e3o \u00e9 um desdobramento da &#8220;Opera\u00e7\u00e3o Wardogs&#8221;, de outubro de 2023, na qual o l\u00edder do grupo foi preso em flagrante com 47 fuzis, levando ao desmantelamento de uma primeira f\u00e1brica em Belo Horizonte\/MG. Mesmo em pris\u00e3o domiciliar, e ap\u00f3s ser condenado a 12 anos de pris\u00e3o pelo TJRJ, o investigado continuou a comandar a organiza\u00e7\u00e3o, reestruturando a opera\u00e7\u00e3o e transferindo a produ\u00e7\u00e3o para uma nova e mais sofisticada planta industrial no interior de S\u00e3o Paulo, que operava sob a fachada de uma empresa de pe\u00e7as aeron\u00e1uticas.<\/p>\n<p>Em agosto de 2025, a Pol\u00edcia Federal conseguiu desarticular a f\u00e1brica em Santa B\u00e1rbara d\u2019Oeste, onde foram apreendidos fuzis j\u00e1 montados e mais de 31.000 pe\u00e7as e componentes, material suficiente para a produ\u00e7\u00e3o de dezenas de outras armas.<\/p>\n<p>O grupo criminoso tamb\u00e9m importava componentes de fuzis dos Estados Unidos e da China, utilizando maquin\u00e1rio industrial de alta precis\u00e3o (CNC) para produzir as pe\u00e7as em territ\u00f3rio nacional. As armas produzidas eram destinadas a fac\u00e7\u00f5es criminosas do Rio de Janeiro, com entregas coordenadas para o Complexo do Alem\u00e3o e a Rocinha.<\/p>\n<p>Os investigados poder\u00e3o responder\u00a0pelos crimes de organiza\u00e7\u00e3o criminosa majorada, tr\u00e1fico Internacional de arma de fogo de uso restrito, com\u00e9rcio ilegal de arma de fogo de uso restrito.<\/p>\n<p>Esta a\u00e7\u00e3o integra a Miss\u00e3o Redentor, um esfor\u00e7o permanente da Pol\u00edcia Federal para desarticular organiza\u00e7\u00f5es criminosas que atuam no Rio de Janeiro, em estrita conformidade com as diretrizes estabelecidas pelo Supremo Tribunal Federal na Argui\u00e7\u00e3o de Descumprimento de Preceito Fundamental (ADPF) 635.<\/p>\n<p>&nbsp;<\/p>\n<p>Fonte: Comunica\u00e7\u00e3o Social da Pol\u00edcia Federal no Rio de Janeiro<\/p>\n<\/div>\n<\/div>\n<\/div>\n","protected":false},"excerpt":{"rendered":"<p>Mesmo condenado a 12 anos de pris\u00e3o, l\u00edder do esquema comandava as a\u00e7\u00f5es em pris\u00e3o domiciliar; Justi\u00e7a determinou o bloqueio de R$ 40 milh\u00f5es dos investigados Rio de Janeiro\/RJ.\u00a0Na manh\u00e3 desta quarta-feira, 15\/10, a Pol\u00edcia Federal deflagrou a Opera\u00e7\u00e3o Forja, com o objetivo de desarticular uma organiza\u00e7\u00e3o criminosa especializada na produ\u00e7\u00e3o, montagem e com\u00e9rcio ilegal [&hellip;]<\/p>\n","protected":false},"author":1,"featured_media":139573,"comment_status":"closed","ping_status":"closed","sticky":false,"template":"","format":"standard","meta":[],"categories":[212,3],"tags":[],"_links":{"self":[{"href":"http:\/\/blitzconquista.com.br\/index.php?rest_route=\/wp\/v2\/posts\/139571"}],"collection":[{"href":"http:\/\/blitzconquista.com.br\/index.php?rest_route=\/wp\/v2\/posts"}],"about":[{"href":"http:\/\/blitzconquista.com.br\/index.php?rest_route=\/wp\/v2\/types\/post"}],"author":[{"embeddable":true,"href":"http:\/\/blitzconquista.com.br\/index.php?rest_route=\/wp\/v2\/users\/1"}],"replies":[{"embeddable":true,"href":"http:\/\/blitzconquista.com.br\/index.php?rest_route=%2Fwp%2Fv2%2Fcomments&post=139571"}],"version-history":[{"count":1,"href":"http:\/\/blitzconquista.com.br\/index.php?rest_route=\/wp\/v2\/posts\/139571\/revisions"}],"predecessor-version":[{"id":139574,"href":"http:\/\/blitzconquista.com.br\/index.php?rest_route=\/wp\/v2\/posts\/139571\/revisions\/139574"}],"wp:featuredmedia":[{"embeddable":true,"href":"http:\/\/blitzconquista.com.br\/index.php?rest_route=\/wp\/v2\/media\/139573"}],"wp:attachment":[{"href":"http:\/\/blitzconquista.com.br\/index.php?rest_route=%2Fwp%2Fv2%2Fmedia&parent=139571"}],"wp:term":[{"taxonomy":"category","embeddable":true,"href":"http:\/\/blitzconquista.com.br\/index.php?rest_route=%2Fwp%2Fv2%2Fcategories&post=139571"},{"taxonomy":"post_tag","embeddable":true,"href":"http:\/\/blitzconquista.com.br\/index.php?rest_route=%2Fwp%2Fv2%2Ftags&post=139571"}],"curies":[{"name":"wp","href":"https:\/\/api.w.org\/{rel}","templated":true}]}}