{"id":139605,"date":"2025-10-15T22:00:41","date_gmt":"2025-10-16T01:00:41","guid":{"rendered":"https:\/\/blitzconquista.com.br\/?p=139605"},"modified":"2025-10-15T22:00:41","modified_gmt":"2025-10-16T01:00:41","slug":"homem-e-preso-em-vitoria-da-conquista-por-homicidio-cometido-em-itambe","status":"publish","type":"post","link":"http:\/\/blitzconquista.com.br\/?p=139605","title":{"rendered":"Homem \u00e9 preso em Vit\u00f3ria da Conquista por homic\u00eddio cometido em Itamb\u00e9"},"content":{"rendered":"<p><span class=\"_ap3a _aaco _aacu _aacx _aad7 _aade\" dir=\"auto\"><img decoding=\"async\" loading=\"lazy\" class=\"aligncenter size-full wp-image-139607\" src=\"http:\/\/blitzconquista.com.br\/wp-content\/uploads\/2025\/10\/Screenshot-2025-10-15-at-21-54-15-Instagram.png\" alt=\"\" width=\"468\" height=\"585\" srcset=\"http:\/\/blitzconquista.com.br\/wp-content\/uploads\/2025\/10\/Screenshot-2025-10-15-at-21-54-15-Instagram.png 468w, http:\/\/blitzconquista.com.br\/wp-content\/uploads\/2025\/10\/Screenshot-2025-10-15-at-21-54-15-Instagram-240x300.png 240w\" sizes=\"(max-width: 468px) 100vw, 468px\" \/>Um homem de 23 anos foi preso, na manh\u00e3 desta quarta-feira (15), por policiais civis da Delegacia Territorial de Itamb\u00e9, em cumprimento a mandado de pris\u00e3o preventiva expedido pela Vara de Jurisdi\u00e7\u00e3o Plena do munic\u00edpio. A captura ocorreu na Avenida Lauro de Freitas, em Vit\u00f3ria da Conquista, onde o suspeito estava escondido na casa de um familiar.<\/p>\n<p>O investigado j\u00e1 havia sido preso anteriormente pela Pol\u00edcia Civil, no curso das apura\u00e7\u00f5es, mas teve a pris\u00e3o preventiva revogada durante o inqu\u00e9rito. Ele \u00e9 apontado como um dos autores do homic\u00eddio de David Marley Souza Alves, de 23 anos, morto a tiros em 22 de agosto deste ano, por volta das 2h, na cidade de Itamb\u00e9.<\/p>\n<p>Al\u00e9m do preso, tamb\u00e9m s\u00e3o investigados um adolescente de 17 anos, que possui medida de interna\u00e7\u00e3o provis\u00f3ria decretada, e outros cinco homens que j\u00e1 se encontram custodiados no Conjunto Penal de Vit\u00f3ria da Conquista. O preso foi submetido aos procedimentos legais e permanece \u00e0 disposi\u00e7\u00e3o da Justi\u00e7a.<br \/>\n<\/span><\/p>\n<p>&nbsp;<\/p>\n<p>Fonte: Ascom &#8211; PC\/BA<\/p>\n<p>&nbsp;<\/p>\n","protected":false},"excerpt":{"rendered":"<p>Um homem de 23 anos foi preso, na manh\u00e3 desta quarta-feira (15), por policiais civis da Delegacia Territorial de Itamb\u00e9, em cumprimento a mandado de pris\u00e3o preventiva expedido pela Vara de Jurisdi\u00e7\u00e3o Plena do munic\u00edpio. A captura ocorreu na Avenida Lauro de Freitas, em Vit\u00f3ria da Conquista, onde o suspeito estava escondido na casa de [&hellip;]<\/p>\n","protected":false},"author":1,"featured_media":139607,"comment_status":"closed","ping_status":"closed","sticky":false,"template":"","format":"standard","meta":[],"categories":[3],"tags":[],"_links":{"self":[{"href":"http:\/\/blitzconquista.com.br\/index.php?rest_route=\/wp\/v2\/posts\/139605"}],"collection":[{"href":"http:\/\/blitzconquista.com.br\/index.php?rest_route=\/wp\/v2\/posts"}],"about":[{"href":"http:\/\/blitzconquista.com.br\/index.php?rest_route=\/wp\/v2\/types\/post"}],"author":[{"embeddable":true,"href":"http:\/\/blitzconquista.com.br\/index.php?rest_route=\/wp\/v2\/users\/1"}],"replies":[{"embeddable":true,"href":"http:\/\/blitzconquista.com.br\/index.php?rest_route=%2Fwp%2Fv2%2Fcomments&post=139605"}],"version-history":[{"count":1,"href":"http:\/\/blitzconquista.com.br\/index.php?rest_route=\/wp\/v2\/posts\/139605\/revisions"}],"predecessor-version":[{"id":139608,"href":"http:\/\/blitzconquista.com.br\/index.php?rest_route=\/wp\/v2\/posts\/139605\/revisions\/139608"}],"wp:featuredmedia":[{"embeddable":true,"href":"http:\/\/blitzconquista.com.br\/index.php?rest_route=\/wp\/v2\/media\/139607"}],"wp:attachment":[{"href":"http:\/\/blitzconquista.com.br\/index.php?rest_route=%2Fwp%2Fv2%2Fmedia&parent=139605"}],"wp:term":[{"taxonomy":"category","embeddable":true,"href":"http:\/\/blitzconquista.com.br\/index.php?rest_route=%2Fwp%2Fv2%2Fcategories&post=139605"},{"taxonomy":"post_tag","embeddable":true,"href":"http:\/\/blitzconquista.com.br\/index.php?rest_route=%2Fwp%2Fv2%2Ftags&post=139605"}],"curies":[{"name":"wp","href":"https:\/\/api.w.org\/{rel}","templated":true}]}}