{"id":139613,"date":"2025-10-15T22:11:18","date_gmt":"2025-10-16T01:11:18","guid":{"rendered":"https:\/\/blitzconquista.com.br\/?p=139613"},"modified":"2025-10-15T22:11:26","modified_gmt":"2025-10-16T01:11:26","slug":"veiculo-furtado-e-recuperado-em-vitoria-da-conquista","status":"publish","type":"post","link":"http:\/\/blitzconquista.com.br\/?p=139613","title":{"rendered":"Ve\u00edculo furtado \u00e9 recuperado em Vit\u00f3ria da Conquista"},"content":{"rendered":"<h3 style=\"text-align: center;\">Carro estava \u00e0 venda em um estabelecimento comercial<\/h3>\n<p><img decoding=\"async\" loading=\"lazy\" class=\"aligncenter size-large wp-image-139616\" src=\"http:\/\/blitzconquista.com.br\/wp-content\/uploads\/2025\/10\/9b716c7c-323c-4839-93fb-86977a234dce-695x650.jpg\" alt=\"\" width=\"695\" height=\"650\" srcset=\"http:\/\/blitzconquista.com.br\/wp-content\/uploads\/2025\/10\/9b716c7c-323c-4839-93fb-86977a234dce-695x650.jpg 695w, http:\/\/blitzconquista.com.br\/wp-content\/uploads\/2025\/10\/9b716c7c-323c-4839-93fb-86977a234dce-300x281.jpg 300w, http:\/\/blitzconquista.com.br\/wp-content\/uploads\/2025\/10\/9b716c7c-323c-4839-93fb-86977a234dce-768x719.jpg 768w, http:\/\/blitzconquista.com.br\/wp-content\/uploads\/2025\/10\/9b716c7c-323c-4839-93fb-86977a234dce-990x926.jpg 990w, http:\/\/blitzconquista.com.br\/wp-content\/uploads\/2025\/10\/9b716c7c-323c-4839-93fb-86977a234dce.jpg 1200w\" sizes=\"(max-width: 695px) 100vw, 695px\" \/><\/p>\n<p>Equipes da Delegacia de Repress\u00e3o a Furtos e Roubos (DRFR\/Vit\u00f3ria da Conquista) recuperaram, nesta quarta-feira (15), um ve\u00edculo com restri\u00e7\u00e3o de furto que estava sendo comercializado em um estabelecimento na Avenida Brumado, naquele munic\u00edpio.<\/p>\n<p>Segundo as investiga\u00e7\u00f5es, o propriet\u00e1rio do autom\u00f3vel havia entregue o ve\u00edculo a um homem que se apresentou como corretor. O suspeito informou \u00e0 v\u00edtima que intermediaria a venda do ve\u00edculo e repassaria o valor ao final da negocia\u00e7\u00e3o. No entanto, desapareceu, consumando o furto. O caso foi registrado na unidade especializada no dia 3 de outubro deste ano.<\/p>\n<p>O carro foi localizado por investigadores da DRFR, exposto \u00e0 venda no local. O propriet\u00e1rio do estabelecimento foi ouvido e declarou ter adquirido o ve\u00edculo de boa-f\u00e9, afirmando n\u00e3o conhecer a identidade do autor do crime.<\/p>\n<p>Dilig\u00eancias seguem sendo realizadas pela Pol\u00edcia Civil para localizar o suspeito.<\/p>\n<p>&nbsp;<\/p>\n<p>Guilherme Santos \/ Ascom PCBA<\/p>\n","protected":false},"excerpt":{"rendered":"<p>Carro estava \u00e0 venda em um estabelecimento comercial Equipes da Delegacia de Repress\u00e3o a Furtos e Roubos (DRFR\/Vit\u00f3ria da Conquista) recuperaram, nesta quarta-feira (15), um ve\u00edculo com restri\u00e7\u00e3o de furto que estava sendo comercializado em um estabelecimento na Avenida Brumado, naquele munic\u00edpio. Segundo as investiga\u00e7\u00f5es, o propriet\u00e1rio do autom\u00f3vel havia entregue o ve\u00edculo a um [&hellip;]<\/p>\n","protected":false},"author":1,"featured_media":0,"comment_status":"closed","ping_status":"closed","sticky":false,"template":"","format":"standard","meta":[],"categories":[212,3],"tags":[],"_links":{"self":[{"href":"http:\/\/blitzconquista.com.br\/index.php?rest_route=\/wp\/v2\/posts\/139613"}],"collection":[{"href":"http:\/\/blitzconquista.com.br\/index.php?rest_route=\/wp\/v2\/posts"}],"about":[{"href":"http:\/\/blitzconquista.com.br\/index.php?rest_route=\/wp\/v2\/types\/post"}],"author":[{"embeddable":true,"href":"http:\/\/blitzconquista.com.br\/index.php?rest_route=\/wp\/v2\/users\/1"}],"replies":[{"embeddable":true,"href":"http:\/\/blitzconquista.com.br\/index.php?rest_route=%2Fwp%2Fv2%2Fcomments&post=139613"}],"version-history":[{"count":1,"href":"http:\/\/blitzconquista.com.br\/index.php?rest_route=\/wp\/v2\/posts\/139613\/revisions"}],"predecessor-version":[{"id":139617,"href":"http:\/\/blitzconquista.com.br\/index.php?rest_route=\/wp\/v2\/posts\/139613\/revisions\/139617"}],"wp:attachment":[{"href":"http:\/\/blitzconquista.com.br\/index.php?rest_route=%2Fwp%2Fv2%2Fmedia&parent=139613"}],"wp:term":[{"taxonomy":"category","embeddable":true,"href":"http:\/\/blitzconquista.com.br\/index.php?rest_route=%2Fwp%2Fv2%2Fcategories&post=139613"},{"taxonomy":"post_tag","embeddable":true,"href":"http:\/\/blitzconquista.com.br\/index.php?rest_route=%2Fwp%2Fv2%2Ftags&post=139613"}],"curies":[{"name":"wp","href":"https:\/\/api.w.org\/{rel}","templated":true}]}}