{"id":139618,"date":"2025-10-15T22:27:32","date_gmt":"2025-10-16T01:27:32","guid":{"rendered":"https:\/\/blitzconquista.com.br\/?p=139618"},"modified":"2025-10-15T22:27:41","modified_gmt":"2025-10-16T01:27:41","slug":"policia-civil-cumpre-mandado-de-prisao-preventiva-contra-lideranca-criminosa-no-sul-do-estado","status":"publish","type":"post","link":"http:\/\/blitzconquista.com.br\/?p=139618","title":{"rendered":"Pol\u00edcia Civil cumpre mandado de pris\u00e3o preventiva contra lideran\u00e7a criminosa no sul do estado"},"content":{"rendered":"<h3 style=\"text-align: center;\">A\u00e7\u00e3o integrada entre equipes da Bahia e do Esp\u00edrito Santo resulta na captura de investigado apontado como respons\u00e1vel por coordenar ataques armados<\/h3>\n<figure id=\"attachment_139620\" aria-describedby=\"caption-attachment-139620\" style=\"width: 695px\" class=\"wp-caption aligncenter\"><img decoding=\"async\" loading=\"lazy\" class=\"size-large wp-image-139620\" src=\"http:\/\/blitzconquista.com.br\/wp-content\/uploads\/2025\/10\/b5ac13cf-dbea-45ce-95b8-40ea196d9571-695x462.jpg\" alt=\"\" width=\"695\" height=\"462\" srcset=\"http:\/\/blitzconquista.com.br\/wp-content\/uploads\/2025\/10\/b5ac13cf-dbea-45ce-95b8-40ea196d9571-695x462.jpg 695w, http:\/\/blitzconquista.com.br\/wp-content\/uploads\/2025\/10\/b5ac13cf-dbea-45ce-95b8-40ea196d9571-300x200.jpg 300w, http:\/\/blitzconquista.com.br\/wp-content\/uploads\/2025\/10\/b5ac13cf-dbea-45ce-95b8-40ea196d9571-768x510.jpg 768w, http:\/\/blitzconquista.com.br\/wp-content\/uploads\/2025\/10\/b5ac13cf-dbea-45ce-95b8-40ea196d9571-1536x1021.jpg 1536w, http:\/\/blitzconquista.com.br\/wp-content\/uploads\/2025\/10\/b5ac13cf-dbea-45ce-95b8-40ea196d9571-414x276.jpg 414w, http:\/\/blitzconquista.com.br\/wp-content\/uploads\/2025\/10\/b5ac13cf-dbea-45ce-95b8-40ea196d9571-470x313.jpg 470w, http:\/\/blitzconquista.com.br\/wp-content\/uploads\/2025\/10\/b5ac13cf-dbea-45ce-95b8-40ea196d9571-640x426.jpg 640w, http:\/\/blitzconquista.com.br\/wp-content\/uploads\/2025\/10\/b5ac13cf-dbea-45ce-95b8-40ea196d9571-130x86.jpg 130w, http:\/\/blitzconquista.com.br\/wp-content\/uploads\/2025\/10\/b5ac13cf-dbea-45ce-95b8-40ea196d9571-187x124.jpg 187w, http:\/\/blitzconquista.com.br\/wp-content\/uploads\/2025\/10\/b5ac13cf-dbea-45ce-95b8-40ea196d9571-990x658.jpg 990w, http:\/\/blitzconquista.com.br\/wp-content\/uploads\/2025\/10\/b5ac13cf-dbea-45ce-95b8-40ea196d9571-1320x877.jpg 1320w, http:\/\/blitzconquista.com.br\/wp-content\/uploads\/2025\/10\/b5ac13cf-dbea-45ce-95b8-40ea196d9571.jpg 1562w\" sizes=\"(max-width: 695px) 100vw, 695px\" \/><figcaption id=\"caption-attachment-139620\" class=\"wp-caption-text\">Imagem : Divulga\u00e7\u00e3o Ascom-PCBA<\/figcaption><\/figure>\n<p>A Pol\u00edcia Civil da Bahia, por meio da 7\u00aa Coordenadoria Regional de Pol\u00edcia do Interior (Coorpin\/Ilh\u00e9us), em a\u00e7\u00e3o conjunta com a Delegacia Territorial (DT\/Ibirapitanga), cumpriu, nesta quarta-feira (15), um mandado de pris\u00e3o preventiva expedido pela Vara de Jurisdi\u00e7\u00e3o Plena da Comarca de Ubat\u00e3, contra um homem investigado por exercer papel de lideran\u00e7a em uma organiza\u00e7\u00e3o criminosa que atua na regi\u00e3o sul do estado.<\/p>\n<p>Apontado como respons\u00e1vel por coordenar ataques armados e determinar a\u00e7\u00f5es criminosas em Ibirapitanga, o investigado foi localizado e preso na cidade de Anchieta, no Esp\u00edrito Santo, em uma opera\u00e7\u00e3o conjunta com a 10\u00aa Delegacia Regional de Anchieta\/ES, por meio do N\u00facleo de Repress\u00e3o a Entorpecentes e Homic\u00eddios, com apoio da Guarda Civil Municipal e do Servi\u00e7o Reservado da 10\u00aa Companhia Independente da Pol\u00edcia Militar do Esp\u00edrito Santo (PMES).<\/p>\n<p>A localiza\u00e7\u00e3o do foragido foi poss\u00edvel a partir do compartilhamento de informa\u00e7\u00f5es de intelig\u00eancia repassadas pela 7\u00aa Coorpin\/Ilh\u00e9us, que monitorava a movimenta\u00e7\u00e3o do investigado desde sua fuga da Bahia. Durante o cumprimento do mandado, tamb\u00e9m foi realizada busca e apreens\u00e3o domiciliar no im\u00f3vel utilizado por ele, onde os policiais localizaram anota\u00e7\u00f5es e documentos que refor\u00e7am ind\u00edcios de seu envolvimento em atividades criminosas nos munic\u00edpios de Itabuna e Ibirapitanga. O investigado est\u00e1 custodiado a disposi\u00e7\u00e3o do Poder Judici\u00e1rio<\/p>\n<p>&nbsp;<\/p>\n<p>Marcela Correia \/ Ascom-PCBA<\/p>\n","protected":false},"excerpt":{"rendered":"<p>A\u00e7\u00e3o integrada entre equipes da Bahia e do Esp\u00edrito Santo resulta na captura de investigado apontado como respons\u00e1vel por coordenar ataques armados A Pol\u00edcia Civil da Bahia, por meio da 7\u00aa Coordenadoria Regional de Pol\u00edcia do Interior (Coorpin\/Ilh\u00e9us), em a\u00e7\u00e3o conjunta com a Delegacia Territorial (DT\/Ibirapitanga), cumpriu, nesta quarta-feira (15), um mandado de pris\u00e3o preventiva [&hellip;]<\/p>\n","protected":false},"author":1,"featured_media":139620,"comment_status":"closed","ping_status":"closed","sticky":false,"template":"","format":"standard","meta":[],"categories":[3],"tags":[],"_links":{"self":[{"href":"http:\/\/blitzconquista.com.br\/index.php?rest_route=\/wp\/v2\/posts\/139618"}],"collection":[{"href":"http:\/\/blitzconquista.com.br\/index.php?rest_route=\/wp\/v2\/posts"}],"about":[{"href":"http:\/\/blitzconquista.com.br\/index.php?rest_route=\/wp\/v2\/types\/post"}],"author":[{"embeddable":true,"href":"http:\/\/blitzconquista.com.br\/index.php?rest_route=\/wp\/v2\/users\/1"}],"replies":[{"embeddable":true,"href":"http:\/\/blitzconquista.com.br\/index.php?rest_route=%2Fwp%2Fv2%2Fcomments&post=139618"}],"version-history":[{"count":2,"href":"http:\/\/blitzconquista.com.br\/index.php?rest_route=\/wp\/v2\/posts\/139618\/revisions"}],"predecessor-version":[{"id":139622,"href":"http:\/\/blitzconquista.com.br\/index.php?rest_route=\/wp\/v2\/posts\/139618\/revisions\/139622"}],"wp:featuredmedia":[{"embeddable":true,"href":"http:\/\/blitzconquista.com.br\/index.php?rest_route=\/wp\/v2\/media\/139620"}],"wp:attachment":[{"href":"http:\/\/blitzconquista.com.br\/index.php?rest_route=%2Fwp%2Fv2%2Fmedia&parent=139618"}],"wp:term":[{"taxonomy":"category","embeddable":true,"href":"http:\/\/blitzconquista.com.br\/index.php?rest_route=%2Fwp%2Fv2%2Fcategories&post=139618"},{"taxonomy":"post_tag","embeddable":true,"href":"http:\/\/blitzconquista.com.br\/index.php?rest_route=%2Fwp%2Fv2%2Ftags&post=139618"}],"curies":[{"name":"wp","href":"https:\/\/api.w.org\/{rel}","templated":true}]}}