{"id":139699,"date":"2025-10-17T10:24:25","date_gmt":"2025-10-17T13:24:25","guid":{"rendered":"https:\/\/blitzconquista.com.br\/?p=139699"},"modified":"2025-10-17T10:24:25","modified_gmt":"2025-10-17T13:24:25","slug":"industria-defende-cop30-voltada-a-acao-e-ao-financiamento-climatico","status":"publish","type":"post","link":"http:\/\/blitzconquista.com.br\/?p=139699","title":{"rendered":"Ind\u00fastria defende COP30 voltada \u00e0 a\u00e7\u00e3o e ao financiamento clim\u00e1tico"},"content":{"rendered":"<h3 class=\"notice-regular__summary\" style=\"text-align: center;\">Documento da CNI prop\u00f5e medidas para destravar investimentos, fortalecer o mercado de carbono e alinhar desenvolvimento econ\u00f4mico \u00e0 transi\u00e7\u00e3o verde<\/h3>\n<figure id=\"attachment_139701\" aria-describedby=\"caption-attachment-139701\" style=\"width: 695px\" class=\"wp-caption aligncenter\"><img decoding=\"async\" loading=\"lazy\" class=\"size-large wp-image-139701\" src=\"http:\/\/blitzconquista.com.br\/wp-content\/uploads\/2025\/10\/12682-2025_08_06_EDIFICIO_ROBERTO_SIMONSEN_AACCJR_DJI_0058-695x447.jpg\" alt=\"\" width=\"695\" height=\"447\" srcset=\"http:\/\/blitzconquista.com.br\/wp-content\/uploads\/2025\/10\/12682-2025_08_06_EDIFICIO_ROBERTO_SIMONSEN_AACCJR_DJI_0058-695x447.jpg 695w, http:\/\/blitzconquista.com.br\/wp-content\/uploads\/2025\/10\/12682-2025_08_06_EDIFICIO_ROBERTO_SIMONSEN_AACCJR_DJI_0058-300x193.jpg 300w, http:\/\/blitzconquista.com.br\/wp-content\/uploads\/2025\/10\/12682-2025_08_06_EDIFICIO_ROBERTO_SIMONSEN_AACCJR_DJI_0058-768x494.jpg 768w, http:\/\/blitzconquista.com.br\/wp-content\/uploads\/2025\/10\/12682-2025_08_06_EDIFICIO_ROBERTO_SIMONSEN_AACCJR_DJI_0058-990x636.jpg 990w, http:\/\/blitzconquista.com.br\/wp-content\/uploads\/2025\/10\/12682-2025_08_06_EDIFICIO_ROBERTO_SIMONSEN_AACCJR_DJI_0058-1320x849.jpg 1320w, http:\/\/blitzconquista.com.br\/wp-content\/uploads\/2025\/10\/12682-2025_08_06_EDIFICIO_ROBERTO_SIMONSEN_AACCJR_DJI_0058.jpg 1400w\" sizes=\"(max-width: 695px) 100vw, 695px\" \/><figcaption id=\"caption-attachment-139701\" class=\"wp-caption-text\">Foto: Augusto Coelho \/ CNI<\/figcaption><\/figure>\n<p>A <a href=\"https:\/\/cni.portaldaindustria.com.br\/\" target=\"_blank\" rel=\"noopener\">Confedera\u00e7\u00e3o Nacional da Ind\u00fastria (CNI)<\/a> defende que a 30\u00aa Confer\u00eancia da ONU sobre Mudan\u00e7a do Clima (<strong>COP30<\/strong>), que ser\u00e1 realizada em novembro em Bel\u00e9m (PA),<strong> avance com a\u00e7\u00f5es pr\u00e1ticas e resultados mensur\u00e1veis<\/strong>. A entidade apresentou, nesta quarta-feira (15), o documento <strong>Vis\u00e3o da Ind\u00fastria sobre a COP30, com propostas para conciliar crescimento econ\u00f4mico e social na agenda clim\u00e1tica<\/strong>.<\/p>\n<p>O texto foi lan\u00e7ado durante o evento <a href=\"https:\/\/noticias.portaldaindustria.com.br\/noticias\/industria-na-cop-30\/pre-cop30-a-industria-no-protagonismo-climatico\/\" target=\"_blank\" rel=\"noopener\">Pr\u00e9-COP30: O Papel do Setor Privado na Agenda do Clima<\/a>, em Bras\u00edlia, e <strong>ser\u00e1 levado \u00e0 COP30 como contribui\u00e7\u00e3o do setor industrial<\/strong>. O evento da Confedera\u00e7\u00e3o ocorre a menos de um m\u00eas da Confer\u00eancia em Bel\u00e9m \u2013 segunda edi\u00e7\u00e3o do encontro mundial no Brasil depois da Rio 92 e que marca os dez anos do Acordo de Paris.<\/p>\n<p>Em entrevista \u00e0 imprensa, o presidente da CNI, Ricardo Alban, afirmou que o setor produtivo deve ter papel ativo nas negocia\u00e7\u00f5es.<\/p>\n<p>\u201cO setor da<strong> ind\u00fastria<\/strong> normalmente \u00e9 aquele <strong>mais cobrado no sentido de gera\u00e7\u00e3o de carbono e talvez o mais cobrado no sentido de sustentabilidade<\/strong>. <strong>Como \u00e9 que n\u00f3s n\u00e3o vamos participar dessa discuss\u00e3o de solu\u00e7\u00f5es, j\u00e1 que temos obriga\u00e7\u00e3o de responder pelas melhores solu\u00e7\u00f5es? S\u00f3 o desenvolvimento econ\u00f4mico permite o desenvolvimento social<\/strong>\u201d, defendeu.<\/p>\n<p>Para Alban,<strong> \u00e9 preciso quebrar o paradigma de que haveria um conflito entre desenvolvimento industrial e sustentabilidade<\/strong>. \u201cAs pol\u00edticas p\u00fablicas n\u00e3o podem estar desassociadas da atividade econ\u00f4mica, do setor produtivo e, obviamente, da sociedade civil. <strong>Como \u00e9 que n\u00f3s podemos garantir crescimento econ\u00f4mico? \u00c9 com atividade econ\u00f4mica. Quem gera riqueza? O setor produtivo. Quem gera oportunidades? O setor produtivo<\/strong>\u201d, argumentou.<\/p>\n<p>Al\u00e9m do presidente da CNI, participaram da abertura o chair da Sustainable Business COP (SB COP), Ricardo Mussa; o high-level climate champion da COP30, Dan Ioschpe; e o secret\u00e1rio-executivo do Minist\u00e9rio das Cidades, Hailton Madureira.<\/p>\n<p>Mussa explicou que a<strong> SB COP, coaliz\u00e3o global lan\u00e7ada pela CNI para coordenar a\u00e7\u00f5es de sustentabilidade no setor privado<\/strong>, <strong>mostra como empresas podem gerar resultados concretos<\/strong>. \u201cQueremos falar de a\u00e7\u00e3o e resultados. As entregas da SB COP mostram que \u00e9 poss\u00edvel alinhar setor produtivo e setor p\u00fablico em torno de solu\u00e7\u00f5es reais\u201d, disse.<\/p>\n<p>Ioschpe destacou a necessidade de coopera\u00e7\u00e3o entre governos e empresas para cumprir as metas do Acordo de Paris. Madureira defendeu que \u201cn\u00e3o haver\u00e1 justi\u00e7a clim\u00e1tica sem justi\u00e7a urbana\u201d.<\/p>\n<h2>Ind\u00fastria: financiamento clim\u00e1tico como pilar<\/h2>\n<p>O documento defende que o<strong> financiamento clim\u00e1tico seja o eixo central da COP30<\/strong>. O setor prop\u00f5e medidas para destravar o acesso ao capital, como a simplifica\u00e7\u00e3o de processos em bancos multilaterais, e a flexibiliza\u00e7\u00e3o de regras fiscais para pa\u00edses em desenvolvimento.<\/p>\n<p>O setor v\u00ea o Roadmap Baku-Bel\u00e9m \u2014 plano de a\u00e7\u00e3o que deve definir como mobilizar at\u00e9 US$ 1,3 trilh\u00e3o anuais at\u00e9 2035 \u2014 como essencial para ampliar recursos para mitiga\u00e7\u00e3o e adapta\u00e7\u00e3o.<\/p>\n<p>A CNI tamb\u00e9m prop\u00f5e <strong>regras mais flex\u00edveis e mensur\u00e1veis para os indicadores da Meta Global de Adapta\u00e7\u00e3o<\/strong>. Defende ainda que as metas sejam implementadas gradualmente, com fase de testes, e que incluam m\u00e9tricas financeiras confi\u00e1veis.<\/p>\n<h2>Mercado de carbono e transi\u00e7\u00e3o justa<\/h2>\n<p>A CNI considera o <strong>mercado de carbono uma oportunidade estrat\u00e9gica para o Brasil<\/strong>. Segundo o documento, o pa\u00eds pode se consolidar como um dos principais emissores de cr\u00e9ditos de alta integridade ambiental. A entidade refor\u00e7a a import\u00e2ncia de regulamentar o Sistema Brasileiro de Com\u00e9rcio de Emiss\u00f5es (SBCE), de forma a integrar o mercado nacional \u00e0s regras do Artigo 6 do Acordo de Paris.<\/p>\n<p>A Confedera\u00e7\u00e3o tamb\u00e9m alerta que o <strong>debate sobre transi\u00e7\u00e3o justa n\u00e3o deve servir de pretexto para criar barreiras comerciais<\/strong>, a exemplo do Mecanismo de Ajuste de Fronteira de Carbono da Uni\u00e3o Europeia, que aplica pre\u00e7o ao carbono em produtos importados. Para a entidade, instrumentos como esse \u201cpodem se transformar em novas e injustas barreiras ao com\u00e9rcio internacional\u201d.<\/p>\n<h2>Protagonismo e inova\u00e7\u00e3o<\/h2>\n<p>O diretor de Rela\u00e7\u00f5es Institucionais da CNI, Roberto Muniz, afirmou que a <strong>COP30 representa um marco para consolidar avan\u00e7os e parcerias<\/strong>.<\/p>\n<p>\u201cNa \u00faltima d\u00e9cada, as <strong>empresas e institui\u00e7\u00f5es brasileiras avan\u00e7aram no desenvolvimento de solu\u00e7\u00f5es para a descarboniza\u00e7\u00e3o da economia e o uso sustent\u00e1vel dos recursos da nossa bioeconomia<\/strong>. A COP30 em Bel\u00e9m nos permitir\u00e1 dar um novo salto, expandir parcerias e converter esses avan\u00e7os em resultados concretos para o pa\u00eds e para o planeta.\u201d<\/p>\n<p>O superintendente de Meio Ambiente e Sustentabilidade da CNI, Davi Bomtempo, destacou que o <strong>evento em Bel\u00e9m \u00e9 a chance de \u201ctransformar o di\u00e1logo global em investimentos e competitividade para o Brasil<\/strong>\u201d.<\/p>\n<h2>40 milh\u00f5es de empresas<\/h2>\n<p>A <strong>Sustainable Business COP re\u00fane cerca de 40 milh\u00f5es de empresas em mais de 60 pa\u00edses<\/strong>. Ricardo Mussa afirmou que o diferencial da iniciativa \u00e9 a escala.<\/p>\n<p>\u201c<strong>Nunca houve uma mobiliza\u00e7\u00e3o t\u00e3o ampla do setor privado em torno da agenda clim\u00e1tica<\/strong>. Em um cen\u00e1rio internacional marcado por instabilidade geopol\u00edtica, \u00e9 ainda mais urgente que as empresas se unam. Esse esfor\u00e7o coletivo \u00e9 o que pode transformar solu\u00e7\u00f5es locais em impacto global\u201d<\/p>\n<p>A <strong>SB COP<\/strong> recebeu mais de<strong> 670 propostas de sucesso do setor privado e selecionou 48 cases de destaque \u2014 19 deles brasileiros<\/strong>. A premia\u00e7\u00e3o ocorrer\u00e1 durante a COP30. Entre os <strong>projetos est\u00e3o a reciclagem de 5,5 bilh\u00f5es de garrafas PET por ano e a restaura\u00e7\u00e3o de 350 mil hectares de manguezais.<\/strong><\/p>\n<h2>Apoio e patroc\u00ednio<\/h2>\n<p>A participa\u00e7\u00e3o da CNI na COP30 tem correaliza\u00e7\u00e3o do SENAI e do SESI e apoio de entidades como Amcham Brasil, ABEE\u00f3lica, CCAB e U.S. Chamber of Commerce. As atividades contam com patroc\u00ednio de empresas como Schneider Electric, JBS, Suzano, Braskem, Vale, Ambev e Ita\u00fasa.<\/p>\n<p>Fonte: <a href=\"https:\/\/brasil61.com\/n\/industria-defende-cop30-voltada-a-acao-e-ao-financiamento-climatico-pind254653\" target=\"_blank\" rel=\"noopener\">Brasil 61<\/a><\/p>\n","protected":false},"excerpt":{"rendered":"<p>Documento da CNI prop\u00f5e medidas para destravar investimentos, fortalecer o mercado de carbono e alinhar desenvolvimento econ\u00f4mico \u00e0 transi\u00e7\u00e3o verde A Confedera\u00e7\u00e3o Nacional da Ind\u00fastria (CNI) defende que a 30\u00aa Confer\u00eancia da ONU sobre Mudan\u00e7a do Clima (COP30), que ser\u00e1 realizada em novembro em Bel\u00e9m (PA), avance com a\u00e7\u00f5es pr\u00e1ticas e resultados mensur\u00e1veis. A entidade [&hellip;]<\/p>\n","protected":false},"author":1,"featured_media":139701,"comment_status":"closed","ping_status":"closed","sticky":false,"template":"","format":"standard","meta":[],"categories":[478,212],"tags":[],"_links":{"self":[{"href":"http:\/\/blitzconquista.com.br\/index.php?rest_route=\/wp\/v2\/posts\/139699"}],"collection":[{"href":"http:\/\/blitzconquista.com.br\/index.php?rest_route=\/wp\/v2\/posts"}],"about":[{"href":"http:\/\/blitzconquista.com.br\/index.php?rest_route=\/wp\/v2\/types\/post"}],"author":[{"embeddable":true,"href":"http:\/\/blitzconquista.com.br\/index.php?rest_route=\/wp\/v2\/users\/1"}],"replies":[{"embeddable":true,"href":"http:\/\/blitzconquista.com.br\/index.php?rest_route=%2Fwp%2Fv2%2Fcomments&post=139699"}],"version-history":[{"count":1,"href":"http:\/\/blitzconquista.com.br\/index.php?rest_route=\/wp\/v2\/posts\/139699\/revisions"}],"predecessor-version":[{"id":139702,"href":"http:\/\/blitzconquista.com.br\/index.php?rest_route=\/wp\/v2\/posts\/139699\/revisions\/139702"}],"wp:featuredmedia":[{"embeddable":true,"href":"http:\/\/blitzconquista.com.br\/index.php?rest_route=\/wp\/v2\/media\/139701"}],"wp:attachment":[{"href":"http:\/\/blitzconquista.com.br\/index.php?rest_route=%2Fwp%2Fv2%2Fmedia&parent=139699"}],"wp:term":[{"taxonomy":"category","embeddable":true,"href":"http:\/\/blitzconquista.com.br\/index.php?rest_route=%2Fwp%2Fv2%2Fcategories&post=139699"},{"taxonomy":"post_tag","embeddable":true,"href":"http:\/\/blitzconquista.com.br\/index.php?rest_route=%2Fwp%2Fv2%2Ftags&post=139699"}],"curies":[{"name":"wp","href":"https:\/\/api.w.org\/{rel}","templated":true}]}}