{"id":139708,"date":"2025-10-17T10:29:46","date_gmt":"2025-10-17T13:29:46","guid":{"rendered":"https:\/\/blitzconquista.com.br\/?p=139708"},"modified":"2025-10-17T10:29:46","modified_gmt":"2025-10-17T13:29:46","slug":"por-falta-de-verba-inss-suspende-programa-de-reducao-de-fila","status":"publish","type":"post","link":"http:\/\/blitzconquista.com.br\/?p=139708","title":{"rendered":"Por falta de verba, INSS suspende programa de redu\u00e7\u00e3o de fila"},"content":{"rendered":"<h3 class=\"notice-regular__summary\" style=\"text-align: center;\">A medida tem efeito imediato e afeta cerca de 2,6 milh\u00f5es de brasileiros que aguardam por benef\u00edcios<\/h3>\n<figure id=\"attachment_139710\" aria-describedby=\"caption-attachment-139710\" style=\"width: 695px\" class=\"wp-caption aligncenter\"><img decoding=\"async\" loading=\"lazy\" class=\"size-large wp-image-139710\" src=\"http:\/\/blitzconquista.com.br\/wp-content\/uploads\/2025\/10\/inss-695x447.jpg\" alt=\"\" width=\"695\" height=\"447\" srcset=\"http:\/\/blitzconquista.com.br\/wp-content\/uploads\/2025\/10\/inss-695x447.jpg 695w, http:\/\/blitzconquista.com.br\/wp-content\/uploads\/2025\/10\/inss-300x193.jpg 300w, http:\/\/blitzconquista.com.br\/wp-content\/uploads\/2025\/10\/inss-768x494.jpg 768w, http:\/\/blitzconquista.com.br\/wp-content\/uploads\/2025\/10\/inss-990x636.jpg 990w, http:\/\/blitzconquista.com.br\/wp-content\/uploads\/2025\/10\/inss-1320x849.jpg 1320w, http:\/\/blitzconquista.com.br\/wp-content\/uploads\/2025\/10\/inss.jpg 1400w\" sizes=\"(max-width: 695px) 100vw, 695px\" \/><figcaption id=\"caption-attachment-139710\" class=\"wp-caption-text\">Foto: Marcello Casal Jr.\/Ag\u00eancia Brasil<\/figcaption><\/figure>\n<p>O <strong>Instituto Nacional do Seguro Social (<a href=\"https:\/\/meu.inss.gov.br\/#\/login\" target=\"_blank\" rel=\"noopener\">INSS<\/a>)<\/strong> <strong>suspendeu o Programa de Gerenciamento de Benef\u00edcios (PGB) por falta de verba<\/strong>. A iniciativa, <strong>criada para reduzir a fila de pedidos de aposentadorias e aux\u00edlios<\/strong>, foi interrompida ap\u00f3s o comunicado oficial emitido pelo \u00f3rg\u00e3o. A medida <strong>tem efeito imediato<\/strong> e afeta diretamente os mais de <strong>2,6 milh\u00f5es de brasileiros que aguardam a libera\u00e7\u00e3o de benef\u00edcios<\/strong>.<\/p>\n<p>O presidente do INSS, Gilberto Waller Junior, solicitou <strong>R$ 89,1 milh\u00f5es ao Minist\u00e9rio da Previd\u00eancia<\/strong> para retomar o programa, que paga b\u00f4nus de produtividade a servidores e peritos para reduzir a fila de pedidos de benef\u00edcios previdenci\u00e1rios.\u00a0O b\u00f4nus \u00e9 pago a quem ultrapassa as metas di\u00e1rias de trabalho, mas o valor total, somando sal\u00e1rio e gratifica\u00e7\u00f5es, n\u00e3o pode ultrapassar o teto do funcionalismo. Ap\u00f3s uma greve de 235 dias de m\u00e9dicos peritos do INSS, a fila de espera aumenta desde o ano passado.<\/p>\n<h2>Ap\u00f3s essa determina\u00e7\u00e3o:<\/h2>\n<ul>\n<li>Novas an\u00e1lises ser\u00e3o interrompidas;<\/li>\n<li>Tarefas em andamento retornam \u00e0s filas ordin\u00e1rias;<\/li>\n<li>Agendamentos do Servi\u00e7o Social fora do expediente ser\u00e3o suspensos ou remarcados.<\/li>\n<\/ul>\n<p>O PGB, <strong><a href=\"https:\/\/www.gov.br\/previdencia\/pt-br\/noticias\/2025\/setembro\/governo-cria-programa-para-reduzir-fila-de-espera-dos-cidadaos-por-beneficios-da-previdencia-social\" target=\"_blank\" rel=\"noopener\">criado em 2024<\/a> e transformado em lei em 2025<\/strong>, tinha <strong>or\u00e7amento de R$ 200 milh\u00f5es<\/strong>\u00a0para este ano, previa <strong>b\u00f4nus de R$ 68 a R$ 75 por processo<\/strong>, e sua continuidade era esperada\u00a0at\u00e9 31 de dezembro de 2026.\u00a0A falta de recursos reflete o ajuste fiscal do governo\u00a0e <strong>especialistas alertam que a fila deve crescer<\/strong>, impactando aposentados, pensionistas e benefici\u00e1rios do BPC.<\/p>\n<p>Fonte: <a href=\"https:\/\/brasil61.com\/n\/por-falta-de-verba-inss-suspende-programa-de-reducao-de-fila-bras2514955\" target=\"_blank\" rel=\"noopener\">Brasil 61<\/a><\/p>\n","protected":false},"excerpt":{"rendered":"<p>A medida tem efeito imediato e afeta cerca de 2,6 milh\u00f5es de brasileiros que aguardam por benef\u00edcios O Instituto Nacional do Seguro Social (INSS) suspendeu o Programa de Gerenciamento de Benef\u00edcios (PGB) por falta de verba. A iniciativa, criada para reduzir a fila de pedidos de aposentadorias e aux\u00edlios, foi interrompida ap\u00f3s o comunicado oficial [&hellip;]<\/p>\n","protected":false},"author":1,"featured_media":139710,"comment_status":"closed","ping_status":"closed","sticky":false,"template":"","format":"standard","meta":[],"categories":[478],"tags":[],"_links":{"self":[{"href":"http:\/\/blitzconquista.com.br\/index.php?rest_route=\/wp\/v2\/posts\/139708"}],"collection":[{"href":"http:\/\/blitzconquista.com.br\/index.php?rest_route=\/wp\/v2\/posts"}],"about":[{"href":"http:\/\/blitzconquista.com.br\/index.php?rest_route=\/wp\/v2\/types\/post"}],"author":[{"embeddable":true,"href":"http:\/\/blitzconquista.com.br\/index.php?rest_route=\/wp\/v2\/users\/1"}],"replies":[{"embeddable":true,"href":"http:\/\/blitzconquista.com.br\/index.php?rest_route=%2Fwp%2Fv2%2Fcomments&post=139708"}],"version-history":[{"count":1,"href":"http:\/\/blitzconquista.com.br\/index.php?rest_route=\/wp\/v2\/posts\/139708\/revisions"}],"predecessor-version":[{"id":139711,"href":"http:\/\/blitzconquista.com.br\/index.php?rest_route=\/wp\/v2\/posts\/139708\/revisions\/139711"}],"wp:featuredmedia":[{"embeddable":true,"href":"http:\/\/blitzconquista.com.br\/index.php?rest_route=\/wp\/v2\/media\/139710"}],"wp:attachment":[{"href":"http:\/\/blitzconquista.com.br\/index.php?rest_route=%2Fwp%2Fv2%2Fmedia&parent=139708"}],"wp:term":[{"taxonomy":"category","embeddable":true,"href":"http:\/\/blitzconquista.com.br\/index.php?rest_route=%2Fwp%2Fv2%2Fcategories&post=139708"},{"taxonomy":"post_tag","embeddable":true,"href":"http:\/\/blitzconquista.com.br\/index.php?rest_route=%2Fwp%2Fv2%2Ftags&post=139708"}],"curies":[{"name":"wp","href":"https:\/\/api.w.org\/{rel}","templated":true}]}}