{"id":140791,"date":"2026-01-20T16:21:45","date_gmt":"2026-01-20T19:21:45","guid":{"rendered":"https:\/\/blitzconquista.com.br\/?p=140791"},"modified":"2026-01-20T16:21:45","modified_gmt":"2026-01-20T19:21:45","slug":"policia-civil-prende-suspeito-de-envolvimento-na-morte-de-capitao-da-pm","status":"publish","type":"post","link":"http:\/\/blitzconquista.com.br\/?p=140791","title":{"rendered":"Pol\u00edcia Civil prende suspeito de envolvimento na morte de capit\u00e3o da PM"},"content":{"rendered":"<h3 style=\"text-align: center;\">Homem teve o mandado de pris\u00e3o cumprido e outro suspeito \u00e9 investigado<\/h3>\n<p><img decoding=\"async\" loading=\"lazy\" class=\"aligncenter size-large wp-image-140793\" src=\"http:\/\/blitzconquista.com.br\/wp-content\/uploads\/2026\/01\/2ca46da9-a9a1-490f-a6ec-33c6857ebe26-695x489.jpeg\" alt=\"\" width=\"695\" height=\"489\" srcset=\"http:\/\/blitzconquista.com.br\/wp-content\/uploads\/2026\/01\/2ca46da9-a9a1-490f-a6ec-33c6857ebe26-695x489.jpeg 695w, http:\/\/blitzconquista.com.br\/wp-content\/uploads\/2026\/01\/2ca46da9-a9a1-490f-a6ec-33c6857ebe26-300x211.jpeg 300w, http:\/\/blitzconquista.com.br\/wp-content\/uploads\/2026\/01\/2ca46da9-a9a1-490f-a6ec-33c6857ebe26-768x540.jpeg 768w, http:\/\/blitzconquista.com.br\/wp-content\/uploads\/2026\/01\/2ca46da9-a9a1-490f-a6ec-33c6857ebe26-990x696.jpeg 990w, http:\/\/blitzconquista.com.br\/wp-content\/uploads\/2026\/01\/2ca46da9-a9a1-490f-a6ec-33c6857ebe26.jpeg 1280w\" sizes=\"(max-width: 695px) 100vw, 695px\" \/><\/p>\n<p>Equipes da 3\u00aa Delegacia de Homic\u00eddios (DH\/BTS) cumpriu, nesta segunda-feira (19), o mandado de pris\u00e3o do suspeito de envolvimento na morte do capit\u00e3o da Pol\u00edcia Militar, Osni\u00e9sio Pereira Salom\u00e3o, de 37 anos, atingido por disparos de arma de fogo na Avenida Lafayete Coutinho (Contorno), na noite da \u00faltima quinta-feira (15).<\/p>\n<p>As investiga\u00e7\u00f5es constataram que o homem, tamb\u00e9m suspeito por outros crimes, estava no local onde houve o confronto e o policial militar foi assassinado. A Pol\u00edcia Civil segue investigando o paradeiro de outro suspeito da participa\u00e7\u00e3o na morte do militar. As apura\u00e7\u00f5es seguem, com o objetivo de identificar e prender todos os envolvidos na a\u00e7\u00e3o criminosa.<\/p>\n<p>&nbsp;<\/p>\n<p>Tony Silva \/ Ascom-PCBA<\/p>\n","protected":false},"excerpt":{"rendered":"<p>Homem teve o mandado de pris\u00e3o cumprido e outro suspeito \u00e9 investigado Equipes da 3\u00aa Delegacia de Homic\u00eddios (DH\/BTS) cumpriu, nesta segunda-feira (19), o mandado de pris\u00e3o do suspeito de envolvimento na morte do capit\u00e3o da Pol\u00edcia Militar, Osni\u00e9sio Pereira Salom\u00e3o, de 37 anos, atingido por disparos de arma de fogo na Avenida Lafayete Coutinho [&hellip;]<\/p>\n","protected":false},"author":1,"featured_media":140793,"comment_status":"closed","ping_status":"closed","sticky":false,"template":"","format":"standard","meta":[],"categories":[212,3],"tags":[],"_links":{"self":[{"href":"http:\/\/blitzconquista.com.br\/index.php?rest_route=\/wp\/v2\/posts\/140791"}],"collection":[{"href":"http:\/\/blitzconquista.com.br\/index.php?rest_route=\/wp\/v2\/posts"}],"about":[{"href":"http:\/\/blitzconquista.com.br\/index.php?rest_route=\/wp\/v2\/types\/post"}],"author":[{"embeddable":true,"href":"http:\/\/blitzconquista.com.br\/index.php?rest_route=\/wp\/v2\/users\/1"}],"replies":[{"embeddable":true,"href":"http:\/\/blitzconquista.com.br\/index.php?rest_route=%2Fwp%2Fv2%2Fcomments&post=140791"}],"version-history":[{"count":1,"href":"http:\/\/blitzconquista.com.br\/index.php?rest_route=\/wp\/v2\/posts\/140791\/revisions"}],"predecessor-version":[{"id":140794,"href":"http:\/\/blitzconquista.com.br\/index.php?rest_route=\/wp\/v2\/posts\/140791\/revisions\/140794"}],"wp:featuredmedia":[{"embeddable":true,"href":"http:\/\/blitzconquista.com.br\/index.php?rest_route=\/wp\/v2\/media\/140793"}],"wp:attachment":[{"href":"http:\/\/blitzconquista.com.br\/index.php?rest_route=%2Fwp%2Fv2%2Fmedia&parent=140791"}],"wp:term":[{"taxonomy":"category","embeddable":true,"href":"http:\/\/blitzconquista.com.br\/index.php?rest_route=%2Fwp%2Fv2%2Fcategories&post=140791"},{"taxonomy":"post_tag","embeddable":true,"href":"http:\/\/blitzconquista.com.br\/index.php?rest_route=%2Fwp%2Fv2%2Ftags&post=140791"}],"curies":[{"name":"wp","href":"https:\/\/api.w.org\/{rel}","templated":true}]}}