{"id":140803,"date":"2026-01-20T16:29:15","date_gmt":"2026-01-20T19:29:15","guid":{"rendered":"https:\/\/blitzconquista.com.br\/?p=140803"},"modified":"2026-01-20T16:29:15","modified_gmt":"2026-01-20T19:29:15","slug":"homem-desaparecido-ha-oito-anos-e-encontrado-em-barra","status":"publish","type":"post","link":"http:\/\/blitzconquista.com.br\/?p=140803","title":{"rendered":"Homem desaparecido h\u00e1 oito anos \u00e9 encontrado em Barra"},"content":{"rendered":"<h3 style=\"text-align: center;\">Ele \u00e9 natural da capital mineira de Belo Horizonte<\/h3>\n<figure id=\"attachment_140805\" aria-describedby=\"caption-attachment-140805\" style=\"width: 695px\" class=\"wp-caption aligncenter\"><img decoding=\"async\" loading=\"lazy\" class=\"size-large wp-image-140805\" src=\"http:\/\/blitzconquista.com.br\/wp-content\/uploads\/2026\/01\/12b8dcd6-7ad8-47ce-9ea8-ed8eaceab48e-695x463.jpeg\" alt=\"\" width=\"695\" height=\"463\" srcset=\"http:\/\/blitzconquista.com.br\/wp-content\/uploads\/2026\/01\/12b8dcd6-7ad8-47ce-9ea8-ed8eaceab48e-695x463.jpeg 695w, http:\/\/blitzconquista.com.br\/wp-content\/uploads\/2026\/01\/12b8dcd6-7ad8-47ce-9ea8-ed8eaceab48e-300x200.jpeg 300w, http:\/\/blitzconquista.com.br\/wp-content\/uploads\/2026\/01\/12b8dcd6-7ad8-47ce-9ea8-ed8eaceab48e-768x512.jpeg 768w, http:\/\/blitzconquista.com.br\/wp-content\/uploads\/2026\/01\/12b8dcd6-7ad8-47ce-9ea8-ed8eaceab48e-1536x1024.jpeg 1536w, http:\/\/blitzconquista.com.br\/wp-content\/uploads\/2026\/01\/12b8dcd6-7ad8-47ce-9ea8-ed8eaceab48e-2048x1365.jpeg 2048w, http:\/\/blitzconquista.com.br\/wp-content\/uploads\/2026\/01\/12b8dcd6-7ad8-47ce-9ea8-ed8eaceab48e-414x276.jpeg 414w, http:\/\/blitzconquista.com.br\/wp-content\/uploads\/2026\/01\/12b8dcd6-7ad8-47ce-9ea8-ed8eaceab48e-470x313.jpeg 470w, http:\/\/blitzconquista.com.br\/wp-content\/uploads\/2026\/01\/12b8dcd6-7ad8-47ce-9ea8-ed8eaceab48e-640x426.jpeg 640w, http:\/\/blitzconquista.com.br\/wp-content\/uploads\/2026\/01\/12b8dcd6-7ad8-47ce-9ea8-ed8eaceab48e-130x86.jpeg 130w, http:\/\/blitzconquista.com.br\/wp-content\/uploads\/2026\/01\/12b8dcd6-7ad8-47ce-9ea8-ed8eaceab48e-187x124.jpeg 187w, http:\/\/blitzconquista.com.br\/wp-content\/uploads\/2026\/01\/12b8dcd6-7ad8-47ce-9ea8-ed8eaceab48e-990x660.jpeg 990w, http:\/\/blitzconquista.com.br\/wp-content\/uploads\/2026\/01\/12b8dcd6-7ad8-47ce-9ea8-ed8eaceab48e-1320x880.jpeg 1320w\" sizes=\"(max-width: 695px) 100vw, 695px\" \/><figcaption id=\"caption-attachment-140805\" class=\"wp-caption-text\">Imagem ilustrativa: Divulga\u00e7\u00e3o\/Ascom-PCBA<\/figcaption><\/figure>\n<p>A Pol\u00edcia Civil da Bahia, por meio da Delegacia Territorial (DT) de Barra, registrou, no dia 8 de janeiro deste ano, a localiza\u00e7\u00e3o de Vanderli Mauricio da Silva, de 36 anos, natural de Belo Horizonte, em Minas Gerais, que estava desaparecido h\u00e1 cerca de oito anos. A v\u00edtima foi encontrada na comunidade de Pratos Finos, naquele munic\u00edpio.<\/p>\n<p>A localiza\u00e7\u00e3o s\u00f3 foi poss\u00edvel ap\u00f3s a comunica\u00e7\u00e3o de moradores da localidade, que relataram que um homem desconhecido teria chegado \u00e0 comunidade h\u00e1 alguns dias. Vanderli informou aos policiais que havia sa\u00eddo de Belo Horizonte sem rumo definido.<\/p>\n<p>Ap\u00f3s pesquisas realizadas na unidade policial, foi constatado que a v\u00edtima estava desaparecida havia pelo menos oito anos. A fam\u00edlia de Vanderli, que acreditava que ele j\u00e1 n\u00e3o estivesse vivo, foi contatada pela DT, e ele foi entregue a um de seus irm\u00e3os.<\/p>\n<p>Guilherme Santos \/ Ascom PCBA<\/p>\n","protected":false},"excerpt":{"rendered":"<p>Ele \u00e9 natural da capital mineira de Belo Horizonte A Pol\u00edcia Civil da Bahia, por meio da Delegacia Territorial (DT) de Barra, registrou, no dia 8 de janeiro deste ano, a localiza\u00e7\u00e3o de Vanderli Mauricio da Silva, de 36 anos, natural de Belo Horizonte, em Minas Gerais, que estava desaparecido h\u00e1 cerca de oito anos. [&hellip;]<\/p>\n","protected":false},"author":1,"featured_media":140805,"comment_status":"closed","ping_status":"closed","sticky":false,"template":"","format":"standard","meta":[],"categories":[3],"tags":[],"_links":{"self":[{"href":"http:\/\/blitzconquista.com.br\/index.php?rest_route=\/wp\/v2\/posts\/140803"}],"collection":[{"href":"http:\/\/blitzconquista.com.br\/index.php?rest_route=\/wp\/v2\/posts"}],"about":[{"href":"http:\/\/blitzconquista.com.br\/index.php?rest_route=\/wp\/v2\/types\/post"}],"author":[{"embeddable":true,"href":"http:\/\/blitzconquista.com.br\/index.php?rest_route=\/wp\/v2\/users\/1"}],"replies":[{"embeddable":true,"href":"http:\/\/blitzconquista.com.br\/index.php?rest_route=%2Fwp%2Fv2%2Fcomments&post=140803"}],"version-history":[{"count":1,"href":"http:\/\/blitzconquista.com.br\/index.php?rest_route=\/wp\/v2\/posts\/140803\/revisions"}],"predecessor-version":[{"id":140806,"href":"http:\/\/blitzconquista.com.br\/index.php?rest_route=\/wp\/v2\/posts\/140803\/revisions\/140806"}],"wp:featuredmedia":[{"embeddable":true,"href":"http:\/\/blitzconquista.com.br\/index.php?rest_route=\/wp\/v2\/media\/140805"}],"wp:attachment":[{"href":"http:\/\/blitzconquista.com.br\/index.php?rest_route=%2Fwp%2Fv2%2Fmedia&parent=140803"}],"wp:term":[{"taxonomy":"category","embeddable":true,"href":"http:\/\/blitzconquista.com.br\/index.php?rest_route=%2Fwp%2Fv2%2Fcategories&post=140803"},{"taxonomy":"post_tag","embeddable":true,"href":"http:\/\/blitzconquista.com.br\/index.php?rest_route=%2Fwp%2Fv2%2Ftags&post=140803"}],"curies":[{"name":"wp","href":"https:\/\/api.w.org\/{rel}","templated":true}]}}