{"id":140815,"date":"2026-01-21T11:05:32","date_gmt":"2026-01-21T14:05:32","guid":{"rendered":"https:\/\/blitzconquista.com.br\/?p=140815"},"modified":"2026-01-21T11:05:44","modified_gmt":"2026-01-21T14:05:44","slug":"projeto-pm-no-por-do-sol","status":"publish","type":"post","link":"http:\/\/blitzconquista.com.br\/?p=140815","title":{"rendered":"Projeto PM no P\u00f4r do Sol"},"content":{"rendered":"<p><iframe loading=\"lazy\" title=\"Projeto PM no POR DO SOL\" width=\"563\" height=\"1000\" src=\"https:\/\/www.youtube.com\/embed\/BjTk4jNDiWg?feature=oembed\" frameborder=\"0\" allow=\"accelerometer; autoplay; clipboard-write; encrypted-media; gyroscope; picture-in-picture; web-share\" referrerpolicy=\"strict-origin-when-cross-origin\" allowfullscreen><\/iframe><\/p>\n<p>No \u00faltimo domingo (18), aconteceu o 2\u00ba dia do Projeto PM no P\u00f4r do Sol, transformando um dos principais cart\u00f5es-postais de Vit\u00f3ria da Conquista em um espa\u00e7o vivo de conviv\u00eancia, cultura e seguran\u00e7a.<\/p>\n<p>Mais do que um evento, o projeto mostra, na pr\u00e1tica, que a seguran\u00e7a p\u00fablica tamb\u00e9m se constr\u00f3i com presen\u00e7a qualificada, ocupa\u00e7\u00e3o organizada dos espa\u00e7os e aproxima\u00e7\u00e3o com a comunidade. Fam\u00edlias, crian\u00e7as, jovens e idosos puderam viver a cidade de forma tranquila e acolhedora.<\/p>\n<p>A programa\u00e7\u00e3o contou com as apresenta\u00e7\u00f5es musicais de Pl\u00e1cido Oliveira, Marlua e J\u00f4 Almeida, al\u00e9m de atividades esportivas como o treino de jiu-j\u00edtsu e a apresenta\u00e7\u00e3o teatral do 9\u00ba BEIC, refor\u00e7ando a proposta de integra\u00e7\u00e3o social e valoriza\u00e7\u00e3o do espa\u00e7o p\u00fablico.<\/p>\n<p>E ainda n\u00e3o acabou. No pr\u00f3ximo domingo (25) acontece o \u00faltimo dia do projeto, com mais atividades para toda a popula\u00e7\u00e3o.<\/p>\n<p>&nbsp;<\/p>\n<p>Fonte: ASCOM \u2013 CPR-SO \/ Vit\u00f3ria da Conquista \u2013 BA<\/p>\n","protected":false},"excerpt":{"rendered":"<p>No \u00faltimo domingo (18), aconteceu o 2\u00ba dia do Projeto PM no P\u00f4r do Sol, transformando um dos principais cart\u00f5es-postais de Vit\u00f3ria da Conquista em um espa\u00e7o vivo de conviv\u00eancia, cultura e seguran\u00e7a. Mais do que um evento, o projeto mostra, na pr\u00e1tica, que a seguran\u00e7a p\u00fablica tamb\u00e9m se constr\u00f3i com presen\u00e7a qualificada, ocupa\u00e7\u00e3o organizada [&hellip;]<\/p>\n","protected":false},"author":1,"featured_media":140817,"comment_status":"closed","ping_status":"closed","sticky":false,"template":"","format":"standard","meta":[],"categories":[1,4,212],"tags":[],"_links":{"self":[{"href":"http:\/\/blitzconquista.com.br\/index.php?rest_route=\/wp\/v2\/posts\/140815"}],"collection":[{"href":"http:\/\/blitzconquista.com.br\/index.php?rest_route=\/wp\/v2\/posts"}],"about":[{"href":"http:\/\/blitzconquista.com.br\/index.php?rest_route=\/wp\/v2\/types\/post"}],"author":[{"embeddable":true,"href":"http:\/\/blitzconquista.com.br\/index.php?rest_route=\/wp\/v2\/users\/1"}],"replies":[{"embeddable":true,"href":"http:\/\/blitzconquista.com.br\/index.php?rest_route=%2Fwp%2Fv2%2Fcomments&post=140815"}],"version-history":[{"count":1,"href":"http:\/\/blitzconquista.com.br\/index.php?rest_route=\/wp\/v2\/posts\/140815\/revisions"}],"predecessor-version":[{"id":140818,"href":"http:\/\/blitzconquista.com.br\/index.php?rest_route=\/wp\/v2\/posts\/140815\/revisions\/140818"}],"wp:featuredmedia":[{"embeddable":true,"href":"http:\/\/blitzconquista.com.br\/index.php?rest_route=\/wp\/v2\/media\/140817"}],"wp:attachment":[{"href":"http:\/\/blitzconquista.com.br\/index.php?rest_route=%2Fwp%2Fv2%2Fmedia&parent=140815"}],"wp:term":[{"taxonomy":"category","embeddable":true,"href":"http:\/\/blitzconquista.com.br\/index.php?rest_route=%2Fwp%2Fv2%2Fcategories&post=140815"},{"taxonomy":"post_tag","embeddable":true,"href":"http:\/\/blitzconquista.com.br\/index.php?rest_route=%2Fwp%2Fv2%2Ftags&post=140815"}],"curies":[{"name":"wp","href":"https:\/\/api.w.org\/{rel}","templated":true}]}}