{"id":140828,"date":"2026-01-22T09:22:33","date_gmt":"2026-01-22T12:22:33","guid":{"rendered":"https:\/\/blitzconquista.com.br\/?p=140828"},"modified":"2026-01-22T09:22:33","modified_gmt":"2026-01-22T12:22:33","slug":"ministerio-da-saude-lanca-serie-de-cursos-sobre-deteccao-precoce-de-canceres-na-atencao-primaria","status":"publish","type":"post","link":"http:\/\/blitzconquista.com.br\/?p=140828","title":{"rendered":"Minist\u00e9rio da Sa\u00fade lan\u00e7a s\u00e9rie de cursos sobre detec\u00e7\u00e3o precoce de c\u00e2nceres na aten\u00e7\u00e3o prim\u00e1ria"},"content":{"rendered":"<h3 class=\"documentDescription\" style=\"text-align: center;\">As forma\u00e7\u00f5es, feitas por meio do Proadi-SUS, focam nos c\u00e2nceres do colo do \u00fatero e de mama<\/h3>\n<div id=\"viewlet-above-content-body\">\n<div id=\"media\">\n<figure style=\"width: 768px\" class=\"wp-caption aligncenter\"><img decoding=\"async\" loading=\"lazy\" src=\"https:\/\/www.gov.br\/saude\/pt-br\/assuntos\/noticias\/2026\/janeiro\/ministerio-da-saude-lanca-serie-de-cursos-sobre-deteccao-precoce-de-canceres-na-atencao-primaria\/fotos_divulgacao_cursos_detecta4.jpg\/@@images\/6934dfab-16bb-48a3-8c4a-3cefc625e108.jpeg\" alt=\"Fotos_divulga\u00e7\u00e3o_cursos_Detecta4.jpg\" width=\"768\" height=\"354\" \/><figcaption class=\"wp-caption-text\">Foto: divulga\u00e7\u00e3o\/CONASEMS<\/figcaption><\/figure>\n<\/div>\n<\/div>\n<div id=\"content-core\">\n<div id=\"parent-fieldname-text\" class=\"\">\n<div>\n<p>O Minist\u00e9rio da Sa\u00fade, em parceria com o Hospital Israelita Albert Einstein e o Hospital Alem\u00e3o Oswaldo Cruz (HAOC), lan\u00e7ou uma s\u00e9rie de cursos gratuitos voltados a trabalhadores e gestores do <a class=\"external-link\" title=\"\" href=\"https:\/\/www.gov.br\/saude\/pt-br\/sus\" target=\"_blank\" rel=\"noopener\" data-tippreview-enabled=\"false\" data-tippreview-image=\"\" data-tippreview-title=\"\">Sistema \u00danico de Sa\u00fade (SUS)<\/a>. As forma\u00e7\u00f5es integram o projeto Detecta-APS, desenvolvido pelo <a class=\"external-link\" title=\"\" href=\"https:\/\/www.gov.br\/saude\/pt-br\/se\/proadi-sus\" target=\"_blank\" rel=\"noopener\" data-tippreview-enabled=\"false\" data-tippreview-image=\"\" data-tippreview-title=\"\">Programa de Apoio ao Desenvolvimento Institucional do SUS (Proadi-SUS)<\/a>, e t\u00eam como objetivo qualificar profissionais para fortalecer as a\u00e7\u00f5es de detec\u00e7\u00e3o precoce do c\u00e2ncer do colo do \u00fatero e do c\u00e2ncer de mama na aten\u00e7\u00e3o prim\u00e1ria.<\/p>\n<p>As iniciativas s\u00e3o acompanhadas pela Coordena\u00e7\u00e3o-Geral de Condi\u00e7\u00f5es Cr\u00f4nicas na <a class=\"external-link\" title=\"\" href=\"https:\/\/www.gov.br\/saude\/pt-br\/composicao\/saps\" target=\"_blank\" rel=\"noopener\" data-tippreview-enabled=\"false\" data-tippreview-image=\"\" data-tippreview-title=\"\">Aten\u00e7\u00e3o Prim\u00e1ria \u00e0 Sa\u00fade (APS<\/a>) e contribuem para a melhoria da organiza\u00e7\u00e3o dos processos de trabalho, da gest\u00e3o e da qualidade do cuidado ofertado \u00e0 popula\u00e7\u00e3o.<\/p>\n<p>Conhe\u00e7a os cursos e inscreva-se nos links abaixo:<\/p>\n<ol start=\"1\" type=\"1\">\n<li><a href=\"https:\/\/ead.proadihaoc.org.br\/course\/view.php?id=16&amp;sectionid=1383#start\"><b>Detec\u00e7\u00e3o Precoce do C\u00e2ncer: Estrat\u00e9gias de Gest\u00e3o na APS<\/b><\/a><\/li>\n<\/ol>\n<p>A forma\u00e7\u00e3o busca fortalecer a gest\u00e3o relacionada \u00e0 detec\u00e7\u00e3o precoce dos c\u00e2nceres mais prevalentes. Especificamente para este curso, haver\u00e1 uma sele\u00e7\u00e3o dos estudantes por meio de edital j\u00e1 divulgado no site da institui\u00e7\u00e3o parceira.<\/p>\n<p>O p\u00fablico priorit\u00e1rio inclui gestores de Unidades B\u00e1sicas de Sa\u00fade (UBS), gestores intermedi\u00e1rios das secretarias municipais e profissionais que atuam como coordenadores(as) da sa\u00fade de mulher, das doen\u00e7as cr\u00f4nicas n\u00e3o transmiss\u00edveis, do c\u00e2ncer, da sa\u00fade bucal, al\u00e9m de assessores e refer\u00eancias t\u00e9cnicas.<\/p>\n<p>S\u00e3o 500 vagas, e o per\u00edodo de inscri\u00e7\u00e3o vai\u00a0 at\u00e9 17 de fevereiro, \u00e0s 16h. Para os demais cursos, as inscri\u00e7\u00f5es est\u00e3o abertas por tempo indeterminado e as vagas s\u00e3o ilimitadas.<\/p>\n<ol start=\"2\" type=\"1\">\n<li><a href=\"https:\/\/proadi.ensinoeinstein.com\/course\/view.php?id=158\"><b>Gest\u00e3o de Base Populacional na Aten\u00e7\u00e3o Prim\u00e1ria \u00e0 Sa\u00fade<\/b><\/a><b><br \/>\n<\/b><\/li>\n<\/ol>\n<p>O curso aborda o conceito de gest\u00e3o de base populacional como estrat\u00e9gia para superar o modelo centrado na oferta, considerando a complexidade das demandas na aten\u00e7\u00e3o prim\u00e1ria e a organiza\u00e7\u00e3o do cuidado integral, com foco na detec\u00e7\u00e3o precoce dos c\u00e2nceres.<\/p>\n<ol start=\"3\" type=\"1\">\n<li><a href=\"https:\/\/proadi.ensinoeinstein.com\/course\/view.php?id=159\"><b>Redes de Aten\u00e7\u00e3o \u00e0 Sa\u00fade e Rastreamento Organizado na Aten\u00e7\u00e3o Prim\u00e1ria<\/b><\/a><b><\/b><\/li>\n<\/ol>\n<p>A forma\u00e7\u00e3o explora a estrutura e os elementos constitutivos da <a class=\"external-link\" title=\"\" href=\"https:\/\/www.gov.br\/saude\/pt-br\/composicao\/saps\/redes-de-atencao-a-saude\" target=\"_blank\" rel=\"noopener\" data-tippreview-enabled=\"false\" data-tippreview-image=\"\" data-tippreview-title=\"\">Rede de Aten\u00e7\u00e3o \u00e0 Sa\u00fade (RAS)<\/a> no SUS, destacando os pontos de aten\u00e7\u00e3o e suas fun\u00e7\u00f5es na linha de cuidado do c\u00e2ncer do colo do \u00fatero e de mama.<\/p>\n<ol start=\"4\" type=\"1\">\n<li><a href=\"https:\/\/proadi.ensinoeinstein.com\/course\/view.php?id=160\"><b>Promo\u00e7\u00e3o da Sa\u00fade e Preven\u00e7\u00e3o dos Fatores de Risco para C\u00e2nceres<\/b><\/a><b><\/b><\/li>\n<\/ol>\n<p>O curso apresenta os princ\u00edpios e fundamentos da promo\u00e7\u00e3o da sa\u00fade e da preven\u00e7\u00e3o, com foco na implementa\u00e7\u00e3o das diretrizes de detec\u00e7\u00e3o precoce dos c\u00e2nceres do colo do \u00fatero e de mama na aten\u00e7\u00e3o prim\u00e1ria.<\/p>\n<p><i>Tha\u00eds Ellen S. Rodrigues<br \/>\n<\/i><i>Fonte: Minist\u00e9rio da Sa\u00fade<\/i><\/p>\n<\/div>\n<\/div>\n<\/div>\n","protected":false},"excerpt":{"rendered":"<p>As forma\u00e7\u00f5es, feitas por meio do Proadi-SUS, focam nos c\u00e2nceres do colo do \u00fatero e de mama O Minist\u00e9rio da Sa\u00fade, em parceria com o Hospital Israelita Albert Einstein e o Hospital Alem\u00e3o Oswaldo Cruz (HAOC), lan\u00e7ou uma s\u00e9rie de cursos gratuitos voltados a trabalhadores e gestores do Sistema \u00danico de Sa\u00fade (SUS). As forma\u00e7\u00f5es [&hellip;]<\/p>\n","protected":false},"author":1,"featured_media":140830,"comment_status":"closed","ping_status":"closed","sticky":false,"template":"","format":"standard","meta":[],"categories":[212,30],"tags":[],"_links":{"self":[{"href":"http:\/\/blitzconquista.com.br\/index.php?rest_route=\/wp\/v2\/posts\/140828"}],"collection":[{"href":"http:\/\/blitzconquista.com.br\/index.php?rest_route=\/wp\/v2\/posts"}],"about":[{"href":"http:\/\/blitzconquista.com.br\/index.php?rest_route=\/wp\/v2\/types\/post"}],"author":[{"embeddable":true,"href":"http:\/\/blitzconquista.com.br\/index.php?rest_route=\/wp\/v2\/users\/1"}],"replies":[{"embeddable":true,"href":"http:\/\/blitzconquista.com.br\/index.php?rest_route=%2Fwp%2Fv2%2Fcomments&post=140828"}],"version-history":[{"count":1,"href":"http:\/\/blitzconquista.com.br\/index.php?rest_route=\/wp\/v2\/posts\/140828\/revisions"}],"predecessor-version":[{"id":140831,"href":"http:\/\/blitzconquista.com.br\/index.php?rest_route=\/wp\/v2\/posts\/140828\/revisions\/140831"}],"wp:featuredmedia":[{"embeddable":true,"href":"http:\/\/blitzconquista.com.br\/index.php?rest_route=\/wp\/v2\/media\/140830"}],"wp:attachment":[{"href":"http:\/\/blitzconquista.com.br\/index.php?rest_route=%2Fwp%2Fv2%2Fmedia&parent=140828"}],"wp:term":[{"taxonomy":"category","embeddable":true,"href":"http:\/\/blitzconquista.com.br\/index.php?rest_route=%2Fwp%2Fv2%2Fcategories&post=140828"},{"taxonomy":"post_tag","embeddable":true,"href":"http:\/\/blitzconquista.com.br\/index.php?rest_route=%2Fwp%2Fv2%2Ftags&post=140828"}],"curies":[{"name":"wp","href":"https:\/\/api.w.org\/{rel}","templated":true}]}}