{"id":140832,"date":"2026-01-22T09:25:31","date_gmt":"2026-01-22T12:25:31","guid":{"rendered":"https:\/\/blitzconquista.com.br\/?p=140832"},"modified":"2026-01-22T09:26:21","modified_gmt":"2026-01-22T12:26:21","slug":"sisu-reserva-mais-de-148-mil-vagas-para-acoes-afirmativas-em-2026","status":"publish","type":"post","link":"http:\/\/blitzconquista.com.br\/?p=140832","title":{"rendered":"Sisu reserva mais de 148 mil vagas para a\u00e7\u00f5es afirmativas em 2026"},"content":{"rendered":"<div class=\"header-noticia fullwidth\">\n<h3 class=\"resumo-da-noticia fullwidth\" style=\"text-align: center;\">Mais da metade das vagas do Sisu \u00e9 destinada a cotas e a\u00e7\u00f5es afirmativas. Inscri\u00e7\u00f5es seguem abertas at\u00e9 23 de janeiro com notas das tr\u00eas \u00faltimas edi\u00e7\u00f5es do Enem.<\/h3>\n<\/div>\n<div class=\"audio-noticia-container rowflex\">\n<div class=\"info-e-compartilhamento fullwidth rowflex rowflex-full\">\n<div class=\"data-publicacao rowflex\"><\/div>\n<\/div>\n<\/div>\n<div class=\"container-audiodescricao fullwidth\">\n<div class=\"row-nome-programa row-gray rowflex fullwidth\">\n<div class=\"linha\"><img decoding=\"async\" loading=\"lazy\" class=\"aligncenter size-large wp-image-140834\" src=\"http:\/\/blitzconquista.com.br\/wp-content\/uploads\/2026\/01\/Sisu-Reserva-Vagas-695x393.png\" alt=\"\" width=\"695\" height=\"393\" srcset=\"http:\/\/blitzconquista.com.br\/wp-content\/uploads\/2026\/01\/Sisu-Reserva-Vagas-695x393.png 695w, http:\/\/blitzconquista.com.br\/wp-content\/uploads\/2026\/01\/Sisu-Reserva-Vagas-300x170.png 300w, http:\/\/blitzconquista.com.br\/wp-content\/uploads\/2026\/01\/Sisu-Reserva-Vagas.png 768w\" sizes=\"(max-width: 695px) 100vw, 695px\" \/><\/div>\n<\/div>\n<div class=\"texto-audiodescricao\">\n<p>O Sistema de Sele\u00e7\u00e3o Unificada, Sisu, oferece, em 2026, mais de 274 mil vagas em institui\u00e7\u00f5es p\u00fablicas de educa\u00e7\u00e3o superior em todo o pa\u00eds. Desse total, 148,9 mil vagas, o equivalente a 54,3%, s\u00e3o reservadas para a\u00e7\u00f5es afirmativas, conforme a Lei de Cotas e pol\u00edticas pr\u00f3prias das institui\u00e7\u00f5es participantes.<\/p>\n<p>As universidades federais concentram o maior n\u00famero de vagas destinadas \u00e0s a\u00e7\u00f5es afirmativas, com 106,3 mil. Em seguida, aparecem os institutos federais, as universidades estaduais e os centros federais de educa\u00e7\u00e3o tecnol\u00f3gica (Cefets).<\/p>\n<p>A Lei de Cotas determina que pelo menos metade das vagas das institui\u00e7\u00f5es federais seja reservada a estudantes que cursaram o ensino m\u00e9dio em escolas p\u00fablicas. Dentro desse percentual, h\u00e1 divis\u00e3o por renda, al\u00e9m de reserva para estudantes pretos, pardos, ind\u00edgenas, quilombolas e pessoas com defici\u00eancia. As institui\u00e7\u00f5es tamb\u00e9m adotam a\u00e7\u00f5es afirmativas pr\u00f3prias, que podem incluir p\u00fablicos como pessoas transg\u00eanero e refugiados.<\/p>\n<p>Somente no \u00e2mbito da Lei de Cotas, s\u00e3o mais de 128 mil vagas destinadas a estudantes egressos de escolas p\u00fablicas, pessoas com defici\u00eancia, pretos, pardos, ind\u00edgenas e quilombolas. Minas Gerais, Rio de Janeiro, Bahia, Rio Grande do Sul e Para\u00edba lideram a oferta de vagas em universidades federais. J\u00e1 nos institutos federais, S\u00e3o Paulo, Cear\u00e1, Bahia, Para\u00edba e Minas Gerais concentram os maiores n\u00fameros.<\/p>\n<p>As inscri\u00e7\u00f5es no Sisu s\u00e3o gratuitas e seguem at\u00e9 23 de janeiro, pelo Portal \u00danico de Acesso ao Ensino Superior. Podem participar candidatos que conclu\u00edram o ensino m\u00e9dio e realizaram uma das tr\u00eas \u00faltimas edi\u00e7\u00f5es do Exame Nacional do Ensino M\u00e9dio (Enem). Notas de treineiros n\u00e3o s\u00e3o aceitas.<\/p>\n<p>O resultado da chamada regular ser\u00e1 divulgado em 29 de janeiro de 2026. Os selecionados dever\u00e3o realizar a matr\u00edcula conforme o calend\u00e1rio definido por cada institui\u00e7\u00e3o. Saiba mais em: gov.br\/mec\/pt-br\/sisu.<\/p>\n<p>&nbsp;<\/p>\n<p>Fonte: Ag\u00eancia R\u00e1dio Gov<\/p>\n<\/div>\n<\/div>\n","protected":false},"excerpt":{"rendered":"<p>Mais da metade das vagas do Sisu \u00e9 destinada a cotas e a\u00e7\u00f5es afirmativas. Inscri\u00e7\u00f5es seguem abertas at\u00e9 23 de janeiro com notas das tr\u00eas \u00faltimas edi\u00e7\u00f5es do Enem. O Sistema de Sele\u00e7\u00e3o Unificada, Sisu, oferece, em 2026, mais de 274 mil vagas em institui\u00e7\u00f5es p\u00fablicas de educa\u00e7\u00e3o superior em todo o pa\u00eds. Desse total, [&hellip;]<\/p>\n","protected":false},"author":1,"featured_media":140834,"comment_status":"closed","ping_status":"closed","sticky":false,"template":"","format":"standard","meta":[],"categories":[212,28],"tags":[],"_links":{"self":[{"href":"http:\/\/blitzconquista.com.br\/index.php?rest_route=\/wp\/v2\/posts\/140832"}],"collection":[{"href":"http:\/\/blitzconquista.com.br\/index.php?rest_route=\/wp\/v2\/posts"}],"about":[{"href":"http:\/\/blitzconquista.com.br\/index.php?rest_route=\/wp\/v2\/types\/post"}],"author":[{"embeddable":true,"href":"http:\/\/blitzconquista.com.br\/index.php?rest_route=\/wp\/v2\/users\/1"}],"replies":[{"embeddable":true,"href":"http:\/\/blitzconquista.com.br\/index.php?rest_route=%2Fwp%2Fv2%2Fcomments&post=140832"}],"version-history":[{"count":1,"href":"http:\/\/blitzconquista.com.br\/index.php?rest_route=\/wp\/v2\/posts\/140832\/revisions"}],"predecessor-version":[{"id":140835,"href":"http:\/\/blitzconquista.com.br\/index.php?rest_route=\/wp\/v2\/posts\/140832\/revisions\/140835"}],"wp:featuredmedia":[{"embeddable":true,"href":"http:\/\/blitzconquista.com.br\/index.php?rest_route=\/wp\/v2\/media\/140834"}],"wp:attachment":[{"href":"http:\/\/blitzconquista.com.br\/index.php?rest_route=%2Fwp%2Fv2%2Fmedia&parent=140832"}],"wp:term":[{"taxonomy":"category","embeddable":true,"href":"http:\/\/blitzconquista.com.br\/index.php?rest_route=%2Fwp%2Fv2%2Fcategories&post=140832"},{"taxonomy":"post_tag","embeddable":true,"href":"http:\/\/blitzconquista.com.br\/index.php?rest_route=%2Fwp%2Fv2%2Ftags&post=140832"}],"curies":[{"name":"wp","href":"https:\/\/api.w.org\/{rel}","templated":true}]}}