{"id":140836,"date":"2026-01-22T09:28:40","date_gmt":"2026-01-22T12:28:40","guid":{"rendered":"https:\/\/blitzconquista.com.br\/?p=140836"},"modified":"2026-01-22T09:31:31","modified_gmt":"2026-01-22T12:31:31","slug":"meis-tem-prazo-para-regularizar-pendencias-e-retornar-ao-simples-nacional","status":"publish","type":"post","link":"http:\/\/blitzconquista.com.br\/?p=140836","title":{"rendered":"MEIs t\u00eam prazo para regularizar pend\u00eancias e retornar ao Simples Nacional"},"content":{"rendered":"<div class=\"header-noticia fullwidth\">\n<h3 class=\"resumo-da-noticia fullwidth\" style=\"text-align: center;\">Microempreendedores individuais exclu\u00eddos do Simples Nacional podem regularizar d\u00e9bitos e pedir reenquadramento at\u00e9 31 de janeiro para voltar a atuar como MEI em 2026.<\/h3>\n<\/div>\n<div class=\"audio-noticia-container rowflex\">\n<div class=\"info-e-compartilhamento fullwidth rowflex rowflex-full\">\n<div class=\"data-publicacao rowflex\"><\/div>\n<\/div>\n<\/div>\n<div class=\"container-audiodescricao fullwidth\">\n<div class=\"row-nome-programa row-gray rowflex fullwidth\">\n<div class=\"linha\">\n<figure id=\"attachment_140838\" aria-describedby=\"caption-attachment-140838\" style=\"width: 695px\" class=\"wp-caption aligncenter\"><img decoding=\"async\" loading=\"lazy\" class=\"size-large wp-image-140838\" src=\"http:\/\/blitzconquista.com.br\/wp-content\/uploads\/2026\/01\/MEI-Prazo-para-regularizacao-695x462.png\" alt=\"\" width=\"695\" height=\"462\" srcset=\"http:\/\/blitzconquista.com.br\/wp-content\/uploads\/2026\/01\/MEI-Prazo-para-regularizacao-695x462.png 695w, http:\/\/blitzconquista.com.br\/wp-content\/uploads\/2026\/01\/MEI-Prazo-para-regularizacao-300x200.png 300w, http:\/\/blitzconquista.com.br\/wp-content\/uploads\/2026\/01\/MEI-Prazo-para-regularizacao-414x276.png 414w, http:\/\/blitzconquista.com.br\/wp-content\/uploads\/2026\/01\/MEI-Prazo-para-regularizacao-470x313.png 470w, http:\/\/blitzconquista.com.br\/wp-content\/uploads\/2026\/01\/MEI-Prazo-para-regularizacao-640x426.png 640w, http:\/\/blitzconquista.com.br\/wp-content\/uploads\/2026\/01\/MEI-Prazo-para-regularizacao-130x86.png 130w, http:\/\/blitzconquista.com.br\/wp-content\/uploads\/2026\/01\/MEI-Prazo-para-regularizacao-187x124.png 187w, http:\/\/blitzconquista.com.br\/wp-content\/uploads\/2026\/01\/MEI-Prazo-para-regularizacao.png 768w\" sizes=\"(max-width: 695px) 100vw, 695px\" \/><figcaption id=\"caption-attachment-140838\" class=\"wp-caption-text\">Acompanhamento do pedido deve ser feito diariamente nos sistemas oficiais, Foto: Divulga\u00e7\u00e3o<\/figcaption><\/figure>\n<\/div>\n<\/div>\n<div class=\"texto-audiodescricao\">\n<p>Os microempreendedores individuais exclu\u00eddos do Simples Nacional t\u00eam at\u00e9 31 de janeiro para regularizar pend\u00eancias e solicitar o retorno ao regime simplificado. O prazo vale para quem foi desenquadrado do Simei e deseja voltar a atuar formalmente como MEI no ano-calend\u00e1rio vigente.<\/p>\n<p>O primeiro passo \u00e9 consultar a situa\u00e7\u00e3o do CNPJ no Portal do Simples Nacional. Caso apare\u00e7a como n\u00e3o optante pelo Simples Nacional e n\u00e3o enquadrado no Simei, \u00e9 necess\u00e1rio identificar o motivo da exclus\u00e3o. As causas mais comuns s\u00e3o d\u00e9bitos tribut\u00e1rios ou pend\u00eancias junto \u00e0 Receita Federal, aos estados ou aos munic\u00edpios.<\/p>\n<p>Ap\u00f3s a identifica\u00e7\u00e3o, o microempreendedor deve regularizar a situa\u00e7\u00e3o fiscal. Isso pode ser feito por meio do pagamento ou do parcelamento das d\u00edvidas. A verifica\u00e7\u00e3o e a regulariza\u00e7\u00e3o ocorrem no Centro Virtual de Atendimento da Receita Federal (e-CAC), com acesso pela conta Gov.br.<\/p>\n<p>Com as pend\u00eancias resolvidas, o empreendedor deve solicitar a op\u00e7\u00e3o pelo Simples Nacional no portal oficial. Ap\u00f3s a aprova\u00e7\u00e3o, \u00e9 preciso pedir o reenquadramento no Simei. As an\u00e1lises s\u00e3o feitas em etapas, e o retorno ao MEI depende da autoriza\u00e7\u00e3o pr\u00e9via no Simples Nacional.<\/p>\n<p>O Minist\u00e9rio do Empreendedorismo orienta que o acompanhamento do pedido seja di\u00e1rio nos sistemas oficiais. Caso novas pend\u00eancias surjam durante a an\u00e1lise, elas devem ser resolvidas dentro do prazo. Se o pedido n\u00e3o for feito at\u00e9 31 de janeiro, o retorno ao Simples Nacional e ao Simei s\u00f3 poder\u00e1 ocorrer no pr\u00f3ximo ano.<\/p>\n<p>&nbsp;<\/p>\n<p>Fonte: Ag\u00eancia R\u00e1dio Gov<\/p>\n<\/div>\n<\/div>\n","protected":false},"excerpt":{"rendered":"<p>Microempreendedores individuais exclu\u00eddos do Simples Nacional podem regularizar d\u00e9bitos e pedir reenquadramento at\u00e9 31 de janeiro para voltar a atuar como MEI em 2026. Os microempreendedores individuais exclu\u00eddos do Simples Nacional t\u00eam at\u00e9 31 de janeiro para regularizar pend\u00eancias e solicitar o retorno ao regime simplificado. O prazo vale para quem foi desenquadrado do Simei [&hellip;]<\/p>\n","protected":false},"author":1,"featured_media":140838,"comment_status":"closed","ping_status":"closed","sticky":false,"template":"","format":"standard","meta":[],"categories":[478,212],"tags":[],"_links":{"self":[{"href":"http:\/\/blitzconquista.com.br\/index.php?rest_route=\/wp\/v2\/posts\/140836"}],"collection":[{"href":"http:\/\/blitzconquista.com.br\/index.php?rest_route=\/wp\/v2\/posts"}],"about":[{"href":"http:\/\/blitzconquista.com.br\/index.php?rest_route=\/wp\/v2\/types\/post"}],"author":[{"embeddable":true,"href":"http:\/\/blitzconquista.com.br\/index.php?rest_route=\/wp\/v2\/users\/1"}],"replies":[{"embeddable":true,"href":"http:\/\/blitzconquista.com.br\/index.php?rest_route=%2Fwp%2Fv2%2Fcomments&post=140836"}],"version-history":[{"count":1,"href":"http:\/\/blitzconquista.com.br\/index.php?rest_route=\/wp\/v2\/posts\/140836\/revisions"}],"predecessor-version":[{"id":140839,"href":"http:\/\/blitzconquista.com.br\/index.php?rest_route=\/wp\/v2\/posts\/140836\/revisions\/140839"}],"wp:featuredmedia":[{"embeddable":true,"href":"http:\/\/blitzconquista.com.br\/index.php?rest_route=\/wp\/v2\/media\/140838"}],"wp:attachment":[{"href":"http:\/\/blitzconquista.com.br\/index.php?rest_route=%2Fwp%2Fv2%2Fmedia&parent=140836"}],"wp:term":[{"taxonomy":"category","embeddable":true,"href":"http:\/\/blitzconquista.com.br\/index.php?rest_route=%2Fwp%2Fv2%2Fcategories&post=140836"},{"taxonomy":"post_tag","embeddable":true,"href":"http:\/\/blitzconquista.com.br\/index.php?rest_route=%2Fwp%2Fv2%2Ftags&post=140836"}],"curies":[{"name":"wp","href":"https:\/\/api.w.org\/{rel}","templated":true}]}}