{"id":140844,"date":"2026-01-22T09:51:38","date_gmt":"2026-01-22T12:51:38","guid":{"rendered":"https:\/\/blitzconquista.com.br\/?p=140844"},"modified":"2026-01-22T09:53:18","modified_gmt":"2026-01-22T12:53:18","slug":"79a-cipm-e-92a-cipm-atuam-em-ocorrencia-de-sequestro-e-carcere-privado-e-prendem-autor-em-flagrante-em-planalto","status":"publish","type":"post","link":"http:\/\/blitzconquista.com.br\/?p=140844","title":{"rendered":"79\u00aa CIPM e 92\u00aa CIPM atuam em ocorr\u00eancia de sequestro e c\u00e1rcere privado e prendem autor em flagrante em Planalto"},"content":{"rendered":"<p><img decoding=\"async\" loading=\"lazy\" class=\"aligncenter size-large wp-image-140846\" src=\"http:\/\/blitzconquista.com.br\/wp-content\/uploads\/2026\/01\/d5bc1f17-dde5-4ffa-b48e-ff458f1fd37c-522x653.jpeg\" alt=\"\" width=\"522\" height=\"653\" srcset=\"http:\/\/blitzconquista.com.br\/wp-content\/uploads\/2026\/01\/d5bc1f17-dde5-4ffa-b48e-ff458f1fd37c-522x653.jpeg 522w, http:\/\/blitzconquista.com.br\/wp-content\/uploads\/2026\/01\/d5bc1f17-dde5-4ffa-b48e-ff458f1fd37c-240x300.jpeg 240w, http:\/\/blitzconquista.com.br\/wp-content\/uploads\/2026\/01\/d5bc1f17-dde5-4ffa-b48e-ff458f1fd37c-768x960.jpeg 768w, http:\/\/blitzconquista.com.br\/wp-content\/uploads\/2026\/01\/d5bc1f17-dde5-4ffa-b48e-ff458f1fd37c-990x1238.jpeg 990w, http:\/\/blitzconquista.com.br\/wp-content\/uploads\/2026\/01\/d5bc1f17-dde5-4ffa-b48e-ff458f1fd37c.jpeg 1024w\" sizes=\"(max-width: 522px) 100vw, 522px\" \/><\/p>\n<p>Nesta ter\u00e7a feira (20), guarni\u00e7\u00f5es da Pol\u00edcia Militar foram acionadas via CENOP para atender a uma ocorr\u00eancia de sequestro e c\u00e1rcere privado em andamento no munic\u00edpio de Planalto, em uma pousada localizada na Avenida Juscelino Kubitschek.<\/p>\n<p>As informa\u00e7\u00f5es iniciais davam conta de que a ocorr\u00eancia teria se iniciado na cidade de Barra do Cho\u00e7a, onde um homem teria sequestrado sua ex-companheira e o filho do casal, deslocando-se posteriormente para Planalto. Os dados foram repassados \u00e0 guarni\u00e7\u00e3o pela equipe do PETO da 92\u00aa CIPM, que j\u00e1 realizava dilig\u00eancias relacionadas ao fato.<\/p>\n<p>Ao chegar ao local, as guarni\u00e7\u00f5es da 79\u00aa CIPM e da 92\u00aa CIPM em a\u00e7\u00e3o conjunta, mantiveram contato com o propriet\u00e1rio da pousada, o qual confirmou a hospedagem das pessoas envolvidas e acompanhou os policiais at\u00e9 o quarto indicado. Ap\u00f3s a abordagem, o suspeito foi preso em flagrante delito.<\/p>\n<p>Durante a a\u00e7\u00e3o, foi apreendido um ve\u00edculo VW Gol, cor preta, placa JRZ-4H39, utilizado pelo autor.<\/p>\n<p>A v\u00edtima apresentava les\u00f5es e informou ter sido agredida e amea\u00e7ada, sendo coagida a se deslocar de Barra do Cho\u00e7a at\u00e9 Planalto, permanecendo em c\u00e1rcere privado juntamente com o filho. Ela foi encaminhada ao Hospital de Planalto para atendimento m\u00e9dico e, posteriormente, encaminhada ao DISEP, em Vit\u00f3ria da Conquista.<br \/>\nO autor foi conduzido e apresentado no DISEP, onde foram adotadas as medidas legais cab\u00edveis.<\/p>\n<p>&nbsp;<\/p>\n<p>Fonte: Ascom &#8211; 79\u00aa CIPM<\/p>\n","protected":false},"excerpt":{"rendered":"<p>Nesta ter\u00e7a feira (20), guarni\u00e7\u00f5es da Pol\u00edcia Militar foram acionadas via CENOP para atender a uma ocorr\u00eancia de sequestro e c\u00e1rcere privado em andamento no munic\u00edpio de Planalto, em uma pousada localizada na Avenida Juscelino Kubitschek. As informa\u00e7\u00f5es iniciais davam conta de que a ocorr\u00eancia teria se iniciado na cidade de Barra do Cho\u00e7a, onde [&hellip;]<\/p>\n","protected":false},"author":1,"featured_media":140846,"comment_status":"closed","ping_status":"closed","sticky":false,"template":"","format":"standard","meta":[],"categories":[3],"tags":[],"_links":{"self":[{"href":"http:\/\/blitzconquista.com.br\/index.php?rest_route=\/wp\/v2\/posts\/140844"}],"collection":[{"href":"http:\/\/blitzconquista.com.br\/index.php?rest_route=\/wp\/v2\/posts"}],"about":[{"href":"http:\/\/blitzconquista.com.br\/index.php?rest_route=\/wp\/v2\/types\/post"}],"author":[{"embeddable":true,"href":"http:\/\/blitzconquista.com.br\/index.php?rest_route=\/wp\/v2\/users\/1"}],"replies":[{"embeddable":true,"href":"http:\/\/blitzconquista.com.br\/index.php?rest_route=%2Fwp%2Fv2%2Fcomments&post=140844"}],"version-history":[{"count":1,"href":"http:\/\/blitzconquista.com.br\/index.php?rest_route=\/wp\/v2\/posts\/140844\/revisions"}],"predecessor-version":[{"id":140847,"href":"http:\/\/blitzconquista.com.br\/index.php?rest_route=\/wp\/v2\/posts\/140844\/revisions\/140847"}],"wp:featuredmedia":[{"embeddable":true,"href":"http:\/\/blitzconquista.com.br\/index.php?rest_route=\/wp\/v2\/media\/140846"}],"wp:attachment":[{"href":"http:\/\/blitzconquista.com.br\/index.php?rest_route=%2Fwp%2Fv2%2Fmedia&parent=140844"}],"wp:term":[{"taxonomy":"category","embeddable":true,"href":"http:\/\/blitzconquista.com.br\/index.php?rest_route=%2Fwp%2Fv2%2Fcategories&post=140844"},{"taxonomy":"post_tag","embeddable":true,"href":"http:\/\/blitzconquista.com.br\/index.php?rest_route=%2Fwp%2Fv2%2Ftags&post=140844"}],"curies":[{"name":"wp","href":"https:\/\/api.w.org\/{rel}","templated":true}]}}