{"id":140862,"date":"2026-01-23T11:14:38","date_gmt":"2026-01-23T14:14:38","guid":{"rendered":"https:\/\/blitzconquista.com.br\/?p=140862"},"modified":"2026-01-23T11:15:26","modified_gmt":"2026-01-23T14:15:26","slug":"cafeicultor-e-morto-a-tiros-em-barra-do-choca-na-tarde-desta-quinta-feira","status":"publish","type":"post","link":"http:\/\/blitzconquista.com.br\/?p=140862","title":{"rendered":"Cafeicultor \u00e9 morto a tiros em Barra do Cho\u00e7a na tarde desta quinta-feira"},"content":{"rendered":"<p data-start=\"139\" data-end=\"216\"><img decoding=\"async\" loading=\"lazy\" class=\"aligncenter size-full wp-image-140864\" src=\"http:\/\/blitzconquista.com.br\/wp-content\/uploads\/2026\/01\/Screenshot-2026-01-23-at-11-14-43-1-Instagram.png\" alt=\"\" width=\"468\" height=\"468\" srcset=\"http:\/\/blitzconquista.com.br\/wp-content\/uploads\/2026\/01\/Screenshot-2026-01-23-at-11-14-43-1-Instagram.png 468w, http:\/\/blitzconquista.com.br\/wp-content\/uploads\/2026\/01\/Screenshot-2026-01-23-at-11-14-43-1-Instagram-300x300.png 300w, http:\/\/blitzconquista.com.br\/wp-content\/uploads\/2026\/01\/Screenshot-2026-01-23-at-11-14-43-1-Instagram-150x150.png 150w, http:\/\/blitzconquista.com.br\/wp-content\/uploads\/2026\/01\/Screenshot-2026-01-23-at-11-14-43-1-Instagram-65x65.png 65w, http:\/\/blitzconquista.com.br\/wp-content\/uploads\/2026\/01\/Screenshot-2026-01-23-at-11-14-43-1-Instagram-215x215.png 215w\" sizes=\"(max-width: 468px) 100vw, 468px\" \/><\/p>\n<p data-start=\"218\" data-end=\"498\">Um homic\u00eddio foi registrado no fim da tarde desta quinta-feira (22), no munic\u00edpio de Barra do Cho\u00e7a, localizado a cerca de 30 quil\u00f4metros de Vit\u00f3ria da Conquista, no sudoeste da Bahia. A v\u00edtima foi identificada como <strong data-start=\"434\" data-end=\"450\">Evil\u00e1sio Luz<\/strong>, produtor de caf\u00e9 bastante conhecido na regi\u00e3o.<\/p>\n<p data-start=\"500\" data-end=\"835\">De acordo com informa\u00e7\u00f5es preliminares, o crime ocorreu em um per\u00edodo em que a cidade apresentava baixos \u00edndices de viol\u00eancia, o que causou surpresa e apreens\u00e3o entre os moradores. O cafeicultor foi atingido por disparos de arma de fogo, mas as circunst\u00e2ncias do assassinato ainda n\u00e3o foram oficialmente esclarecidas pelas autoridades.<\/p>\n<p data-start=\"837\" data-end=\"1047\">A Pol\u00edcia Militar foi acionada e esteve no local para isolar a \u00e1rea e preservar a cena do crime. O Departamento de Pol\u00edcia T\u00e9cnica (DPT) realizou a per\u00edcia e fez a remo\u00e7\u00e3o do corpo para os procedimentos legais.<\/p>\n<p data-start=\"1049\" data-end=\"1245\">A investiga\u00e7\u00e3o ficar\u00e1 sob responsabilidade da Pol\u00edcia Civil, que ir\u00e1 apurar a autoria e a motiva\u00e7\u00e3o do homic\u00eddio. At\u00e9 o momento, n\u00e3o h\u00e1 informa\u00e7\u00f5es sobre suspeitos ou pris\u00f5es relacionadas ao caso.<\/p>\n<p data-start=\"1247\" data-end=\"1456\">O crime quebra a sensa\u00e7\u00e3o de tranquilidade que vinha sendo registrada em Barra do Cho\u00e7a e reacende o alerta para a viol\u00eancia no sudoeste baiano, regi\u00e3o que inclui munic\u00edpios vizinhos como Vit\u00f3ria da Conquista.<\/p>\n<p data-start=\"1247\" data-end=\"1456\">Informa\u00e7\u00f5es: Blog do Leo Santos<\/p>\n<p data-start=\"1247\" data-end=\"1456\">\n","protected":false},"excerpt":{"rendered":"<p>Um homic\u00eddio foi registrado no fim da tarde desta quinta-feira (22), no munic\u00edpio de Barra do Cho\u00e7a, localizado a cerca de 30 quil\u00f4metros de Vit\u00f3ria da Conquista, no sudoeste da Bahia. A v\u00edtima foi identificada como Evil\u00e1sio Luz, produtor de caf\u00e9 bastante conhecido na regi\u00e3o. De acordo com informa\u00e7\u00f5es preliminares, o crime ocorreu em um [&hellip;]<\/p>\n","protected":false},"author":1,"featured_media":0,"comment_status":"closed","ping_status":"closed","sticky":false,"template":"","format":"standard","meta":[],"categories":[212,3],"tags":[],"_links":{"self":[{"href":"http:\/\/blitzconquista.com.br\/index.php?rest_route=\/wp\/v2\/posts\/140862"}],"collection":[{"href":"http:\/\/blitzconquista.com.br\/index.php?rest_route=\/wp\/v2\/posts"}],"about":[{"href":"http:\/\/blitzconquista.com.br\/index.php?rest_route=\/wp\/v2\/types\/post"}],"author":[{"embeddable":true,"href":"http:\/\/blitzconquista.com.br\/index.php?rest_route=\/wp\/v2\/users\/1"}],"replies":[{"embeddable":true,"href":"http:\/\/blitzconquista.com.br\/index.php?rest_route=%2Fwp%2Fv2%2Fcomments&post=140862"}],"version-history":[{"count":2,"href":"http:\/\/blitzconquista.com.br\/index.php?rest_route=\/wp\/v2\/posts\/140862\/revisions"}],"predecessor-version":[{"id":140866,"href":"http:\/\/blitzconquista.com.br\/index.php?rest_route=\/wp\/v2\/posts\/140862\/revisions\/140866"}],"wp:attachment":[{"href":"http:\/\/blitzconquista.com.br\/index.php?rest_route=%2Fwp%2Fv2%2Fmedia&parent=140862"}],"wp:term":[{"taxonomy":"category","embeddable":true,"href":"http:\/\/blitzconquista.com.br\/index.php?rest_route=%2Fwp%2Fv2%2Fcategories&post=140862"},{"taxonomy":"post_tag","embeddable":true,"href":"http:\/\/blitzconquista.com.br\/index.php?rest_route=%2Fwp%2Fv2%2Ftags&post=140862"}],"curies":[{"name":"wp","href":"https:\/\/api.w.org\/{rel}","templated":true}]}}