{"id":140917,"date":"2026-01-27T22:25:49","date_gmt":"2026-01-28T01:25:49","guid":{"rendered":"https:\/\/blitzconquista.com.br\/?p=140917"},"modified":"2026-01-27T22:25:49","modified_gmt":"2026-01-28T01:25:49","slug":"prefeitura-retira-manobra-de-direita-livre-na-avenida-presidente-vargas-apos-estudos-apontarem-riscos-a-seguranca-viaria","status":"publish","type":"post","link":"http:\/\/blitzconquista.com.br\/?p=140917","title":{"rendered":"Prefeitura retira manobra de Direita Livre na Avenida Presidente Vargas ap\u00f3s estudos apontarem riscos \u00e0 seguran\u00e7a vi\u00e1ria"},"content":{"rendered":"<div class=\"post-content\">\n<p>Ap\u00f3s avalia\u00e7\u00e3o e monitoramento do tr\u00e1fego, a Prefeitura, por meio da Secretaria Municipal de Mobilidade Urbana (Semob), decidiu retirar a manobra de Direita Livre no cruzamento entre as avenidas Presidente Vargas e Rosa Cruz. A decis\u00e3o foi tomada ap\u00f3s pareceres especializados, que constataram que a medida n\u00e3o vinha apresentando o resultado esperado, especialmente no que diz respeito \u00e0 seguran\u00e7a de pedestres e ciclistas. At\u00e9 a conclus\u00e3o de um novo estudo t\u00e9cnico, os condutores devem respeitar a sinaliza\u00e7\u00e3o semaf\u00f3rica j\u00e1 existente no local.<\/p>\n<p><a class=\"cboxElement\" href=\"https:\/\/www.pmvc.ba.gov.br\/wp-content\/uploads\/WhatsApp-Image-2026-01-27-at-13.16.19-1.jpeg\"><img decoding=\"async\" loading=\"lazy\" class=\"aligncenter wp-image-442581 colorbox-442575\" src=\"https:\/\/www.pmvc.ba.gov.br\/wp-content\/uploads\/WhatsApp-Image-2026-01-27-at-13.16.19-1-1024x576.jpeg\" sizes=\"(max-width: 900px) 100vw, 900px\" srcset=\"https:\/\/www.pmvc.ba.gov.br\/wp-content\/uploads\/WhatsApp-Image-2026-01-27-at-13.16.19-1-1024x576.jpeg 1024w, https:\/\/www.pmvc.ba.gov.br\/wp-content\/uploads\/WhatsApp-Image-2026-01-27-at-13.16.19-1-560x315.jpeg 560w, https:\/\/www.pmvc.ba.gov.br\/wp-content\/uploads\/WhatsApp-Image-2026-01-27-at-13.16.19-1-768x432.jpeg 768w, https:\/\/www.pmvc.ba.gov.br\/wp-content\/uploads\/WhatsApp-Image-2026-01-27-at-13.16.19-1.jpeg 1600w\" alt=\"\" width=\"900\" height=\"506\" \/><\/a>De acordo com levantamento realizado pelos agentes de tr\u00e2nsito, mesmo com a presen\u00e7a da placa indicativa \u201cDireita Livre \u2014 Prioridade do Pedestre\u201d, parte dos condutores n\u00e3o respeitava o tempo de travessia dos pedestres durante o foco semaf\u00f3rico aberto. Tamb\u00e9m foi identificada a invas\u00e3o frequente da ciclofaixa por motoristas, que utilizavam o espa\u00e7o exclusivo aos ciclistas para evitar a espera pelo sinal verde, gerando conflitos de circula\u00e7\u00e3o e riscos de acidentes.<\/p>\n<p>O agente de tr\u00e2nsito Carlos Clayton explica que o objetivo era melhorar a fluidez do tr\u00e1fego sem comprometer a seguran\u00e7a. No entanto, a pr\u00e1tica demonstrou que parte dos motoristas n\u00e3o compreendeu a din\u00e2mica da manobra. \u201cInfelizmente, alguns condutores n\u00e3o respeitaram a prefer\u00eancia do pedestre e do ciclista, al\u00e9m de utilizarem a ciclofaixa de forma indevida\u201d, explicou.<\/p>\n<p>Diante das infra\u00e7\u00f5es observadas e considerando o risco \u00e0 integridade dos usu\u00e1rios mais vulner\u00e1veis do tr\u00e2nsito, a Semob optou pela retirada da manobra. O foco agora \u00e9 restabelecer condi\u00e7\u00f5es adequadas de seguran\u00e7a e organiza\u00e7\u00e3o do tr\u00e1fego no trecho.<\/p>\n<p>Um novo modelo de opera\u00e7\u00e3o vi\u00e1ria na Avenida Presidente Vargas est\u00e1 sendo estudado pela Semob, incluindo a possibilidade de implanta\u00e7\u00e3o de um foco semaf\u00f3rico espec\u00edfico para os ve\u00edculos que realizam a convers\u00e3o \u00e0 direita, mantendo como prioridade a seguran\u00e7a dos pedestres e ciclistas.<\/p>\n<p>Enquanto isso, os condutores devem seguir rigorosamente o tempo dos sem\u00e1foros j\u00e1 instalados no cruzamento, sem realizar convers\u00f5es \u00e0 direita quando o sinal estiver vermelho.<\/p>\n<p>A Prefeitura refor\u00e7a que as interven\u00e7\u00f5es no tr\u00e2nsito s\u00e3o constantemente avaliadas e ajustadas, priorizando a preserva\u00e7\u00e3o de vidas, a melhoria da mobilidade urbana e o respeito \u00e0s normas de circula\u00e7\u00e3o.<\/p>\n<p><a class=\"cboxElement\" href=\"https:\/\/www.pmvc.ba.gov.br\/wp-content\/uploads\/WhatsApp-Image-2026-01-27-at-13.16.18-1.jpeg\"><img decoding=\"async\" loading=\"lazy\" class=\"aligncenter wp-image-442578 colorbox-442575\" src=\"https:\/\/www.pmvc.ba.gov.br\/wp-content\/uploads\/WhatsApp-Image-2026-01-27-at-13.16.18-1-1024x576.jpeg\" sizes=\"(max-width: 900px) 100vw, 900px\" srcset=\"https:\/\/www.pmvc.ba.gov.br\/wp-content\/uploads\/WhatsApp-Image-2026-01-27-at-13.16.18-1-1024x576.jpeg 1024w, https:\/\/www.pmvc.ba.gov.br\/wp-content\/uploads\/WhatsApp-Image-2026-01-27-at-13.16.18-1-560x315.jpeg 560w, https:\/\/www.pmvc.ba.gov.br\/wp-content\/uploads\/WhatsApp-Image-2026-01-27-at-13.16.18-1-768x432.jpeg 768w, https:\/\/www.pmvc.ba.gov.br\/wp-content\/uploads\/WhatsApp-Image-2026-01-27-at-13.16.18-1.jpeg 1600w\" alt=\"\" width=\"900\" height=\"506\" \/><\/a><\/p>\n<div class=\"ssba-classic-2 ssba ssbp-wrap left ssbp--theme-1\">Fonte: Secom &#8211; PMVC<\/div>\n<\/div>\n","protected":false},"excerpt":{"rendered":"<p>Ap\u00f3s avalia\u00e7\u00e3o e monitoramento do tr\u00e1fego, a Prefeitura, por meio da Secretaria Municipal de Mobilidade Urbana (Semob), decidiu retirar a manobra de Direita Livre no cruzamento entre as avenidas Presidente Vargas e Rosa Cruz. A decis\u00e3o foi tomada ap\u00f3s pareceres especializados, que constataram que a medida n\u00e3o vinha apresentando o resultado esperado, especialmente no que [&hellip;]<\/p>\n","protected":false},"author":1,"featured_media":140919,"comment_status":"closed","ping_status":"closed","sticky":false,"template":"","format":"standard","meta":[],"categories":[212,7],"tags":[],"_links":{"self":[{"href":"http:\/\/blitzconquista.com.br\/index.php?rest_route=\/wp\/v2\/posts\/140917"}],"collection":[{"href":"http:\/\/blitzconquista.com.br\/index.php?rest_route=\/wp\/v2\/posts"}],"about":[{"href":"http:\/\/blitzconquista.com.br\/index.php?rest_route=\/wp\/v2\/types\/post"}],"author":[{"embeddable":true,"href":"http:\/\/blitzconquista.com.br\/index.php?rest_route=\/wp\/v2\/users\/1"}],"replies":[{"embeddable":true,"href":"http:\/\/blitzconquista.com.br\/index.php?rest_route=%2Fwp%2Fv2%2Fcomments&post=140917"}],"version-history":[{"count":1,"href":"http:\/\/blitzconquista.com.br\/index.php?rest_route=\/wp\/v2\/posts\/140917\/revisions"}],"predecessor-version":[{"id":140920,"href":"http:\/\/blitzconquista.com.br\/index.php?rest_route=\/wp\/v2\/posts\/140917\/revisions\/140920"}],"wp:featuredmedia":[{"embeddable":true,"href":"http:\/\/blitzconquista.com.br\/index.php?rest_route=\/wp\/v2\/media\/140919"}],"wp:attachment":[{"href":"http:\/\/blitzconquista.com.br\/index.php?rest_route=%2Fwp%2Fv2%2Fmedia&parent=140917"}],"wp:term":[{"taxonomy":"category","embeddable":true,"href":"http:\/\/blitzconquista.com.br\/index.php?rest_route=%2Fwp%2Fv2%2Fcategories&post=140917"},{"taxonomy":"post_tag","embeddable":true,"href":"http:\/\/blitzconquista.com.br\/index.php?rest_route=%2Fwp%2Fv2%2Ftags&post=140917"}],"curies":[{"name":"wp","href":"https:\/\/api.w.org\/{rel}","templated":true}]}}