{"id":140925,"date":"2026-01-28T09:54:57","date_gmt":"2026-01-28T12:54:57","guid":{"rendered":"https:\/\/blitzconquista.com.br\/?p=140925"},"modified":"2026-01-28T09:55:07","modified_gmt":"2026-01-28T12:55:07","slug":"prf-prende-motorista-embriagado-apos-envolver-se-em-acidente-com-ambulancias-da-samu-e-divulga-balanco-de-alcoolemia-nas-rodovias-federais-da-bahia","status":"publish","type":"post","link":"http:\/\/blitzconquista.com.br\/?p=140925","title":{"rendered":"PRF prende motorista embriagado ap\u00f3s envolver-se em acidente com ambul\u00e2ncias da SAMU e divulga balan\u00e7o de alcoolemia nas rodovias federais da Bahia"},"content":{"rendered":"<h3 class=\"documentDescription\" style=\"text-align: center;\">Balan\u00e7o da institui\u00e7\u00e3o aponta aumento de 80% nas mortes em acidentes com condutores embriagados no estado.<\/h3>\n<div id=\"viewlet-above-content-body\">\n<div id=\"media\"><img decoding=\"async\" loading=\"lazy\" class=\"aligncenter\" src=\"https:\/\/www.gov.br\/prf\/pt-br\/noticias\/estaduais\/bahia\/2026\/janeiro\/prf-prende-motorista-embriagado-apos-envolver-se-em-acidente-com-ambulancias-da-samu-e-divulga-balanco-de-alcoolemia-nas-rodovias-federais-da-bahia\/whatsapp-image-2026-01-28-at-07-59-22.jpeg\/@@images\/3788b889-7653-41e2-a03f-3ad6426bd32b.jpeg\" alt=\"WhatsApp Image 2026-01-28 at 07.59.22.jpeg\" width=\"768\" height=\"576\" \/><\/div>\n<\/div>\n<div id=\"content-core\">\n<div id=\"parent-fieldname-text\" class=\"\">\n<div>\n<p align=\"justify\">A Pol\u00edcia Rodovi\u00e1ria Federal (PRF) foi acionada, na madrugada de s\u00e1bado (24), para atendimento a acidente do tipo colis\u00e3o traseira no km 623 da BR-324, em Salvador, onde os agentes prenderam um homem de 62 anos por dirigir sob efeito de \u00e1lcool.<\/p>\n<p align=\"justify\">Ao chegarem no local, os PRFs\u00a0constataram\u00a0que\u00a0o\u00a0motorista\u00a0de uma caminhonete\u00a0Hilux branca,\u00a0colidiu na traseira de uma ambul\u00e2ncia da SAMU, que prestava atendimento de primeiros socorros a outro acidente.\u00a0Com o\u00a0impacto,\u00a0a ambul\u00e2ncia foi projetada e acabou atingindo outro ve\u00edculo de emerg\u00eancia que tamb\u00e9m estava no local.<\/p>\n<p align=\"justify\">O motorista da Hilux recusou-se a fazer o teste com baf\u00f4metro, mas exibia vis\u00edveis sinais de embriaguez e confessou ter ingerido bebida alco\u00f3lica durante a madrugada. Os policiais lavraram um Termo de Constata\u00e7\u00e3o de Embriaguez, documento onde se detalha o conjunto de sinais de ingest\u00e3o de \u00e1lcool constatados no ato da abordagem.<\/p>\n<p align=\"justify\">Diante dos fatos, o idoso foi preso e encaminhado \u00e0 Central de Flagrantes de Salvador, onde foi registrado a ocorr\u00eancia pelo crime de embriaguez ao volante.<\/p>\n<p class=\"callout\" align=\"justify\"><strong>CEN\u00c1RIO PREOCUPANTE<\/strong><\/p>\n<p align=\"justify\">Um levantamento da Pol\u00edcia Rodovi\u00e1ria Federal (PRF) na Bahia apontou, nos sinistros de tr\u00e2nsito registrados ano passado,\u00a0<strong>um aumento de mais de 80% nas mortes em ocorr\u00eancias que tiveram a participa\u00e7\u00e3o de pelo menos um condutor alcoolizado.<\/strong>\u00a0Em contraste com o mesmo per\u00edodo de 2024, quando 15 pessoas morreram nas rodovias federais do estado em acidentes nessa condi\u00e7\u00e3o, 27 \u00f3bitos foram registrados. O n\u00famero considera v\u00edtimas que morreram no local, sem incluir a perda de vidas em transporte m\u00e9dico ou ap\u00f3s hospitaliza\u00e7\u00e3o.<\/p>\n<p align=\"justify\">Os impactos da embriaguez no tr\u00e2nsito tamb\u00e9m se refletem no aumento\u00a0de acidentes e de feridos, passando, respectivamente, de\u00a0<strong>194 para 224 e de 197 para 210.<\/strong>\u00a0Os n\u00fameros mostram que a combina\u00e7\u00e3o entre \u00e1lcool e dire\u00e7\u00e3o permanece como um dos fatores mais graves e evit\u00e1veis da viol\u00eancia no tr\u00e2nsito.<\/p>\n<p align=\"justify\">Essas mortes em acidentes em que ao menos um dos condutores estava embriagado decorrem de uma somat\u00f3ria de fatores. Costumam ter diversas causas concorrentes, como excesso de velocidade, ultrapassagens e convers\u00f5es proibidas. Entretanto, a embriaguez reduz a capacidade de rea\u00e7\u00e3o e a percep\u00e7\u00e3o do ambiente e da realidade, levando, por exemplo, a uma velocidade incompat\u00edvel com a seguran\u00e7a.<\/p>\n<p align=\"justify\">O estudo ainda revela que a maior concentra\u00e7\u00e3o de flagrantes ocorre no fim de semana.\u00a0<strong>S\u00e1bado e domingo concentram quase 70% das mortes<\/strong>, confirmando o fim de semana como o per\u00edodo mais cr\u00edtico para a seguran\u00e7a vi\u00e1ria. Nesses dias, a PRF refor\u00e7a a fiscaliza\u00e7\u00e3o de tr\u00e2nsito, com aumento de efetivo e convoca\u00e7\u00f5es extras, inclusive utilizando policiais do servi\u00e7o administrativo.<\/p>\n<p align=\"justify\">Al\u00e9m disso, o levantamento identificou um padr\u00e3o hor\u00e1rio. A partir das 15h, h\u00e1 aumento consider\u00e1vel no n\u00famero de registros, que atinge o pico entre 18h e 22h, intervalo considerado o de maior risco.<\/p>\n<p>A PRF realiza um grande esfor\u00e7o de fiscaliza\u00e7\u00e3o no combate \u00e0 embriaguez ao volante, abordando anualmente milhares de motoristas, com a consequente oferta de realiza\u00e7\u00e3o do teste com etil\u00f4metro.<\/p>\n<p>Em 2025, mais de\u00a0<strong>230 mil testes foram realizados na Bahia<\/strong>. Como resultado, mais de 4 mil condutores foram autuados pela constata\u00e7\u00e3o do consumo de \u00e1lcool ou pela recusa em realizar o teste. Destes,\u00a0<strong>116 foram enquadrados nos requisitos para o crime previsto no C\u00f3digo de Tr\u00e2nsito Brasileiro,<\/strong>\u00a0sendo encaminhados \u00e0 Justi\u00e7a.<\/p>\n<p align=\"justify\">Dirigir sob influ\u00eancia de \u00e1lcool \u00e9 infra\u00e7\u00e3o grav\u00edssima, com multa de 2.934,70 reais e suspens\u00e3o do direito de dirigir por doze meses. Caso o teste de alcoolemia aponte concentra\u00e7\u00e3o igual ou superior a 0,3 miligrama de \u00e1lcool por litro de ar alveolar (ou sinais de altera\u00e7\u00e3o da capacidade psicomotora sejam constatados), configura crime de tr\u00e2nsito, com pena de deten\u00e7\u00e3o de seis meses a tr\u00eas anos, al\u00e9m da suspens\u00e3o ou proibi\u00e7\u00e3o de obter habilita\u00e7\u00e3o.<\/p>\n<p align=\"justify\">A PRF alerta para os riscos da embriaguez ao volante. Mesmo pequenas quantidades podem afetar significativamente a capacidade de condu\u00e7\u00e3o, aumentando o risco de acidentes graves.<\/p>\n<dl class=\"image-inline captioned caption-center\">\n<dt><img decoding=\"async\" loading=\"lazy\" class=\"aligncenter\" src=\"https:\/\/www.gov.br\/prf\/pt-br\/noticias\/estaduais\/bahia\/2026\/janeiro\/prf-prende-motorista-embriagado-apos-envolver-se-em-acidente-com-ambulancias-da-samu-e-divulga-balanco-de-alcoolemia-nas-rodovias-federais-da-bahia\/copy_of_WhatsAppImage20260127at14.56.04.jpeg\/@@images\/6d4329f6-7587-4d04-a59e-961c09a6c362.jpeg\" alt=\"EMBRIAGUEZ AO VOLANTE\" width=\"768\" height=\"576\" \/><\/dt>\n<dd class=\"image-caption\">EMBRIAGUEZ AO VOLANTE<\/dd>\n<\/dl>\n<\/div>\n<\/div>\n<\/div>\n<p>&nbsp;<\/p>\n<p>Fonte: PRF<\/p>\n","protected":false},"excerpt":{"rendered":"<p>Balan\u00e7o da institui\u00e7\u00e3o aponta aumento de 80% nas mortes em acidentes com condutores embriagados no estado. A Pol\u00edcia Rodovi\u00e1ria Federal (PRF) foi acionada, na madrugada de s\u00e1bado (24), para atendimento a acidente do tipo colis\u00e3o traseira no km 623 da BR-324, em Salvador, onde os agentes prenderam um homem de 62 anos por dirigir sob [&hellip;]<\/p>\n","protected":false},"author":1,"featured_media":140927,"comment_status":"closed","ping_status":"closed","sticky":false,"template":"","format":"standard","meta":[],"categories":[212,7],"tags":[],"_links":{"self":[{"href":"http:\/\/blitzconquista.com.br\/index.php?rest_route=\/wp\/v2\/posts\/140925"}],"collection":[{"href":"http:\/\/blitzconquista.com.br\/index.php?rest_route=\/wp\/v2\/posts"}],"about":[{"href":"http:\/\/blitzconquista.com.br\/index.php?rest_route=\/wp\/v2\/types\/post"}],"author":[{"embeddable":true,"href":"http:\/\/blitzconquista.com.br\/index.php?rest_route=\/wp\/v2\/users\/1"}],"replies":[{"embeddable":true,"href":"http:\/\/blitzconquista.com.br\/index.php?rest_route=%2Fwp%2Fv2%2Fcomments&post=140925"}],"version-history":[{"count":1,"href":"http:\/\/blitzconquista.com.br\/index.php?rest_route=\/wp\/v2\/posts\/140925\/revisions"}],"predecessor-version":[{"id":140928,"href":"http:\/\/blitzconquista.com.br\/index.php?rest_route=\/wp\/v2\/posts\/140925\/revisions\/140928"}],"wp:featuredmedia":[{"embeddable":true,"href":"http:\/\/blitzconquista.com.br\/index.php?rest_route=\/wp\/v2\/media\/140927"}],"wp:attachment":[{"href":"http:\/\/blitzconquista.com.br\/index.php?rest_route=%2Fwp%2Fv2%2Fmedia&parent=140925"}],"wp:term":[{"taxonomy":"category","embeddable":true,"href":"http:\/\/blitzconquista.com.br\/index.php?rest_route=%2Fwp%2Fv2%2Fcategories&post=140925"},{"taxonomy":"post_tag","embeddable":true,"href":"http:\/\/blitzconquista.com.br\/index.php?rest_route=%2Fwp%2Fv2%2Ftags&post=140925"}],"curies":[{"name":"wp","href":"https:\/\/api.w.org\/{rel}","templated":true}]}}