{"id":140929,"date":"2026-01-28T09:59:32","date_gmt":"2026-01-28T12:59:32","guid":{"rendered":"https:\/\/blitzconquista.com.br\/?p=140929"},"modified":"2026-01-28T09:59:32","modified_gmt":"2026-01-28T12:59:32","slug":"prefeitura-promove-grupo-terapeutico-para-mulheres-no-cristo-de-mario-cravo","status":"publish","type":"post","link":"http:\/\/blitzconquista.com.br\/?p=140929","title":{"rendered":"Prefeitura promove grupo terap\u00eautico para mulheres no Cristo de M\u00e1rio Cravo"},"content":{"rendered":"<div class=\"post-content\">\n<p>A Secretaria Municipal de Pol\u00edticas para Mulheres (SMPM), por meio da Coordena\u00e7\u00e3o de Enfrentamento \u00e0 Viol\u00eancia Contra Mulheres e o Centro de Refer\u00eancia Albertina Vasconcelos (Crav), realizou uma atividade de grupo terap\u00eautico no Cristo de M\u00e1rio Cravo, na ter\u00e7a-feira (27). A a\u00e7\u00e3o, voltada ao p\u00fablico feminino, integra a campanha Janeiro Branco, que conscientiza sobre o cuidado com a sa\u00fade mental.<\/p>\n<div id=\"attachment_442792\" class=\"wp-caption aligncenter\">\n<figure id=\"attachment_442792\" aria-describedby=\"caption-attachment-442792\" style=\"width: 1024px\" class=\"wp-caption aligncenter\"><img decoding=\"async\" loading=\"lazy\" class=\"colorbox-442838 wp-image-442792 size-large\" src=\"https:\/\/www.pmvc.ba.gov.br\/wp-content\/uploads\/A%C3%A7%C3%A3o-Sa%C3%BAde-Mental-27-01-2026-48-1024x680.jpg\" alt=\"\" width=\"1024\" height=\"680\" aria-describedby=\"caption-attachment-442792\" \/><figcaption id=\"caption-attachment-442792\" class=\"wp-caption-text\">Grupo terap\u00eautico no Cristo de Mario Cravo<\/figcaption><\/figure>\n<\/div>\n<p>A atividade contou com a orienta\u00e7\u00e3o de psic\u00f3loga e nutricionista, unindo sa\u00fade f\u00edsica e mental. A coordenadora de Enfrentamento \u00e0 Viol\u00eancia,\u00a0 Monique Caja\u00edba, relatou o principal objetivo da atividade: \u201cEssa a\u00e7\u00e3o marca o in\u00edcio das nossas atividades terap\u00eauticas e de integra\u00e7\u00e3o. Ela tem como objetivo fazer com que as mulheres, al\u00e9m de se beneficiarem de quest\u00f5es do bem-estar, possam se integrar mais com os espa\u00e7os urbanos.\u201d<\/p>\n<p>Para abordar o autocuidado f\u00edsico, a nutricionista B\u00e1rbara de Almeida apresentou a import\u00e2ncia da alimenta\u00e7\u00e3o para o bem-estar: \u201cN\u00f3s vamos trabalhar a viv\u00eancia da alimenta\u00e7\u00e3o para o dia-a-dia, que faz grande diferen\u00e7a na vida dessas mulheres, trazendo na pr\u00e1tica alguns alimentos, com excesso de a\u00e7\u00facar, de gordura e de sal. \u00a0 A alimenta\u00e7\u00e3o tem liga\u00e7\u00e3o direta com o bem-estar\u00a0 emocional, pela conex\u00e3o do corpo e da mente\u201d, afirmou.<\/p>\n<div id=\"gallery-3\" class=\"gallery galleryid-442838 gallery-columns-3 gallery-size-large\">\n<dl class=\"gallery-item\">\n<dt class=\"gallery-icon landscape\"><a class=\"cboxElement\" href=\"https:\/\/www.pmvc.ba.gov.br\/wp-content\/uploads\/A%C3%A7%C3%A3o-Sa%C3%BAde-Mental-27-01-2026-1.jpg\"><img decoding=\"async\" loading=\"lazy\" class=\"attachment-large size-large colorbox-442838 \" src=\"https:\/\/www.pmvc.ba.gov.br\/wp-content\/uploads\/A%C3%A7%C3%A3o-Sa%C3%BAde-Mental-27-01-2026-1-1024x680.jpg\" sizes=\"(max-width: 1024px) 100vw, 1024px\" srcset=\"https:\/\/www.pmvc.ba.gov.br\/wp-content\/uploads\/A\u00e7\u00e3o-Sa\u00fade-Mental-27-01-2026-1-1024x680.jpg 1024w, https:\/\/www.pmvc.ba.gov.br\/wp-content\/uploads\/A\u00e7\u00e3o-Sa\u00fade-Mental-27-01-2026-1-200x133.jpg 200w, https:\/\/www.pmvc.ba.gov.br\/wp-content\/uploads\/A\u00e7\u00e3o-Sa\u00fade-Mental-27-01-2026-1-474x315.jpg 474w, https:\/\/www.pmvc.ba.gov.br\/wp-content\/uploads\/A\u00e7\u00e3o-Sa\u00fade-Mental-27-01-2026-1-768x511.jpg 768w, https:\/\/www.pmvc.ba.gov.br\/wp-content\/uploads\/A\u00e7\u00e3o-Sa\u00fade-Mental-27-01-2026-1-680x452.jpg 680w, https:\/\/www.pmvc.ba.gov.br\/wp-content\/uploads\/A\u00e7\u00e3o-Sa\u00fade-Mental-27-01-2026-1.jpg 1200w\" alt=\"\" width=\"1024\" height=\"680\" aria-describedby=\"gallery-3-442775\" \/><\/a><\/dt>\n<dd id=\"gallery-3-442775\" class=\"wp-caption-text gallery-caption\">Monique<\/dd>\n<\/dl>\n<dl class=\"gallery-item\">\n<dt class=\"gallery-icon landscape\"><a class=\"cboxElement\" href=\"https:\/\/www.pmvc.ba.gov.br\/wp-content\/uploads\/A%C3%A7%C3%A3o-Sa%C3%BAde-Mental-27-01-2026-3.jpg\"><img decoding=\"async\" loading=\"lazy\" class=\"attachment-large size-large colorbox-442838 \" src=\"https:\/\/www.pmvc.ba.gov.br\/wp-content\/uploads\/A%C3%A7%C3%A3o-Sa%C3%BAde-Mental-27-01-2026-3-1024x680.jpg\" sizes=\"(max-width: 1024px) 100vw, 1024px\" srcset=\"https:\/\/www.pmvc.ba.gov.br\/wp-content\/uploads\/A\u00e7\u00e3o-Sa\u00fade-Mental-27-01-2026-3-1024x680.jpg 1024w, https:\/\/www.pmvc.ba.gov.br\/wp-content\/uploads\/A\u00e7\u00e3o-Sa\u00fade-Mental-27-01-2026-3-200x133.jpg 200w, https:\/\/www.pmvc.ba.gov.br\/wp-content\/uploads\/A\u00e7\u00e3o-Sa\u00fade-Mental-27-01-2026-3-474x315.jpg 474w, https:\/\/www.pmvc.ba.gov.br\/wp-content\/uploads\/A\u00e7\u00e3o-Sa\u00fade-Mental-27-01-2026-3-768x511.jpg 768w, https:\/\/www.pmvc.ba.gov.br\/wp-content\/uploads\/A\u00e7\u00e3o-Sa\u00fade-Mental-27-01-2026-3-680x452.jpg 680w, https:\/\/www.pmvc.ba.gov.br\/wp-content\/uploads\/A\u00e7\u00e3o-Sa\u00fade-Mental-27-01-2026-3.jpg 1200w\" alt=\"\" width=\"1024\" height=\"680\" aria-describedby=\"gallery-3-442776\" \/><\/a><\/dt>\n<dd id=\"gallery-3-442776\" class=\"wp-caption-text gallery-caption\">Barbara<\/dd>\n<\/dl>\n<dl class=\"gallery-item\">\n<dt class=\"gallery-icon landscape\"><a class=\"cboxElement\" href=\"https:\/\/www.pmvc.ba.gov.br\/wp-content\/uploads\/A%C3%A7%C3%A3o-Sa%C3%BAde-Mental-27-01-2026-5.jpg\"><img decoding=\"async\" loading=\"lazy\" class=\"attachment-large size-large colorbox-442838 \" src=\"https:\/\/www.pmvc.ba.gov.br\/wp-content\/uploads\/A%C3%A7%C3%A3o-Sa%C3%BAde-Mental-27-01-2026-5-1024x680.jpg\" sizes=\"(max-width: 1024px) 100vw, 1024px\" srcset=\"https:\/\/www.pmvc.ba.gov.br\/wp-content\/uploads\/A\u00e7\u00e3o-Sa\u00fade-Mental-27-01-2026-5-1024x680.jpg 1024w, https:\/\/www.pmvc.ba.gov.br\/wp-content\/uploads\/A\u00e7\u00e3o-Sa\u00fade-Mental-27-01-2026-5-200x133.jpg 200w, https:\/\/www.pmvc.ba.gov.br\/wp-content\/uploads\/A\u00e7\u00e3o-Sa\u00fade-Mental-27-01-2026-5-474x315.jpg 474w, https:\/\/www.pmvc.ba.gov.br\/wp-content\/uploads\/A\u00e7\u00e3o-Sa\u00fade-Mental-27-01-2026-5-768x511.jpg 768w, https:\/\/www.pmvc.ba.gov.br\/wp-content\/uploads\/A\u00e7\u00e3o-Sa\u00fade-Mental-27-01-2026-5-680x452.jpg 680w, https:\/\/www.pmvc.ba.gov.br\/wp-content\/uploads\/A\u00e7\u00e3o-Sa\u00fade-Mental-27-01-2026-5.jpg 1200w\" alt=\"\" width=\"1024\" height=\"680\" aria-describedby=\"gallery-3-442777\" \/><\/a><\/dt>\n<dd id=\"gallery-3-442777\" class=\"wp-caption-text gallery-caption\">Catarina<\/dd>\n<\/dl>\n<\/div>\n<p>A psic\u00f3loga do Crav, Catarina Sant\u2019ana, destacou a promo\u00e7\u00e3o do bem-estar e o cuidado: \u201cA gente vai desenvolver uma pr\u00e1tica meditativa, para traz\u00ea-las ao momento presente. Essa \u00e9 uma ferramenta para diminuir o estresse, que n\u00e3o substitui a terapia ou um acompanhamento m\u00e9dico, mas \u00e9 um momento de socializa\u00e7\u00e3o, que \u00e9 muito importante, e elas valorizam\u201d.<\/p>\n<p>Referenciada h\u00e1 14 anos, Arlane Cabral, contou sua experi\u00eancia transformadora:\u00a0 \u201c\u00c9 muito importante, enriquece muito a pessoa, trata das nossas vidas, alegria, esperan\u00e7a de viver. Pela minha supera\u00e7\u00e3o, eu posso falar abertamente da depress\u00e3o e da ansiedade, e do apoio que eu recebi. Isso trouxe para minha vida um sentido muito bom, de saber que tem vida pela frente. Espero que, cada vez mais, possa estar trazendo essas oportunidades de aprendizado\u201d, disse.<\/p>\n<div id=\"gallery-4\" class=\"gallery galleryid-442838 gallery-columns-2 gallery-size-large\">\n<dl class=\"gallery-item\">\n<dt class=\"gallery-icon landscape\"><a class=\"cboxElement\" href=\"https:\/\/www.pmvc.ba.gov.br\/wp-content\/uploads\/A%C3%A7%C3%A3o-Sa%C3%BAde-Mental-27-01-2026-12.jpg\"><img decoding=\"async\" loading=\"lazy\" class=\"attachment-large size-large colorbox-442838 \" src=\"https:\/\/www.pmvc.ba.gov.br\/wp-content\/uploads\/A%C3%A7%C3%A3o-Sa%C3%BAde-Mental-27-01-2026-12-1024x680.jpg\" sizes=\"(max-width: 1024px) 100vw, 1024px\" srcset=\"https:\/\/www.pmvc.ba.gov.br\/wp-content\/uploads\/A\u00e7\u00e3o-Sa\u00fade-Mental-27-01-2026-12-1024x680.jpg 1024w, https:\/\/www.pmvc.ba.gov.br\/wp-content\/uploads\/A\u00e7\u00e3o-Sa\u00fade-Mental-27-01-2026-12-200x133.jpg 200w, https:\/\/www.pmvc.ba.gov.br\/wp-content\/uploads\/A\u00e7\u00e3o-Sa\u00fade-Mental-27-01-2026-12-474x315.jpg 474w, https:\/\/www.pmvc.ba.gov.br\/wp-content\/uploads\/A\u00e7\u00e3o-Sa\u00fade-Mental-27-01-2026-12-768x511.jpg 768w, https:\/\/www.pmvc.ba.gov.br\/wp-content\/uploads\/A\u00e7\u00e3o-Sa\u00fade-Mental-27-01-2026-12-680x452.jpg 680w, https:\/\/www.pmvc.ba.gov.br\/wp-content\/uploads\/A\u00e7\u00e3o-Sa\u00fade-Mental-27-01-2026-12.jpg 1200w\" alt=\"\" width=\"1024\" height=\"680\" aria-describedby=\"gallery-4-442780\" \/><\/a><\/dt>\n<dd id=\"gallery-4-442780\" class=\"wp-caption-text gallery-caption\">Arlane<\/dd>\n<\/dl>\n<dl class=\"gallery-item\">\n<dt class=\"gallery-icon landscape\"><a class=\"cboxElement\" href=\"https:\/\/www.pmvc.ba.gov.br\/wp-content\/uploads\/A%C3%A7%C3%A3o-Sa%C3%BAde-Mental-27-01-2026-17.jpg\"><img decoding=\"async\" loading=\"lazy\" class=\"attachment-large size-large colorbox-442838 \" src=\"https:\/\/www.pmvc.ba.gov.br\/wp-content\/uploads\/A%C3%A7%C3%A3o-Sa%C3%BAde-Mental-27-01-2026-17-1024x680.jpg\" sizes=\"(max-width: 1024px) 100vw, 1024px\" srcset=\"https:\/\/www.pmvc.ba.gov.br\/wp-content\/uploads\/A\u00e7\u00e3o-Sa\u00fade-Mental-27-01-2026-17-1024x680.jpg 1024w, https:\/\/www.pmvc.ba.gov.br\/wp-content\/uploads\/A\u00e7\u00e3o-Sa\u00fade-Mental-27-01-2026-17-200x133.jpg 200w, https:\/\/www.pmvc.ba.gov.br\/wp-content\/uploads\/A\u00e7\u00e3o-Sa\u00fade-Mental-27-01-2026-17-474x315.jpg 474w, https:\/\/www.pmvc.ba.gov.br\/wp-content\/uploads\/A\u00e7\u00e3o-Sa\u00fade-Mental-27-01-2026-17-768x511.jpg 768w, https:\/\/www.pmvc.ba.gov.br\/wp-content\/uploads\/A\u00e7\u00e3o-Sa\u00fade-Mental-27-01-2026-17-680x452.jpg 680w, https:\/\/www.pmvc.ba.gov.br\/wp-content\/uploads\/A\u00e7\u00e3o-Sa\u00fade-Mental-27-01-2026-17.jpg 1200w\" alt=\"\" width=\"1024\" height=\"680\" aria-describedby=\"gallery-4-442782\" \/><\/a><\/dt>\n<dd id=\"gallery-4-442782\" class=\"wp-caption-text gallery-caption\">Rosalina<\/dd>\n<\/dl>\n<\/div>\n<p>J\u00e1 Rosalina Silva, tamb\u00e9m referenciada, define o Crav como um porto seguro: \u201cEm 2019, eu tomei a decis\u00e3o e eu precisei de uma ajuda profissional, e o Crav me abra\u00e7ou mesmo, e me encorajou, e eu fiz a den\u00fancia, e minha vida \u00e9 outra. Eu vivia deprimida, e hoje, esse grupo, me deu seguran\u00e7a social, ajuda psicol\u00f3gica, de servi\u00e7o social, em tudo. \u00c9 maravilhoso, esse momento \u00e9 muito especial e eu j\u00e1 convidei amigas que est\u00e3o passando pelo que eu passei\u201d .<\/p>\n<\/div>\n<p>&nbsp;<\/p>\n<p>Fonte: Secom &#8211; PMVC<\/p>\n","protected":false},"excerpt":{"rendered":"<p>A Secretaria Municipal de Pol\u00edticas para Mulheres (SMPM), por meio da Coordena\u00e7\u00e3o de Enfrentamento \u00e0 Viol\u00eancia Contra Mulheres e o Centro de Refer\u00eancia Albertina Vasconcelos (Crav), realizou uma atividade de grupo terap\u00eautico no Cristo de M\u00e1rio Cravo, na ter\u00e7a-feira (27). A a\u00e7\u00e3o, voltada ao p\u00fablico feminino, integra a campanha Janeiro Branco, que conscientiza sobre o [&hellip;]<\/p>\n","protected":false},"author":1,"featured_media":140931,"comment_status":"closed","ping_status":"closed","sticky":false,"template":"","format":"standard","meta":[],"categories":[212,30],"tags":[],"_links":{"self":[{"href":"http:\/\/blitzconquista.com.br\/index.php?rest_route=\/wp\/v2\/posts\/140929"}],"collection":[{"href":"http:\/\/blitzconquista.com.br\/index.php?rest_route=\/wp\/v2\/posts"}],"about":[{"href":"http:\/\/blitzconquista.com.br\/index.php?rest_route=\/wp\/v2\/types\/post"}],"author":[{"embeddable":true,"href":"http:\/\/blitzconquista.com.br\/index.php?rest_route=\/wp\/v2\/users\/1"}],"replies":[{"embeddable":true,"href":"http:\/\/blitzconquista.com.br\/index.php?rest_route=%2Fwp%2Fv2%2Fcomments&post=140929"}],"version-history":[{"count":1,"href":"http:\/\/blitzconquista.com.br\/index.php?rest_route=\/wp\/v2\/posts\/140929\/revisions"}],"predecessor-version":[{"id":140932,"href":"http:\/\/blitzconquista.com.br\/index.php?rest_route=\/wp\/v2\/posts\/140929\/revisions\/140932"}],"wp:featuredmedia":[{"embeddable":true,"href":"http:\/\/blitzconquista.com.br\/index.php?rest_route=\/wp\/v2\/media\/140931"}],"wp:attachment":[{"href":"http:\/\/blitzconquista.com.br\/index.php?rest_route=%2Fwp%2Fv2%2Fmedia&parent=140929"}],"wp:term":[{"taxonomy":"category","embeddable":true,"href":"http:\/\/blitzconquista.com.br\/index.php?rest_route=%2Fwp%2Fv2%2Fcategories&post=140929"},{"taxonomy":"post_tag","embeddable":true,"href":"http:\/\/blitzconquista.com.br\/index.php?rest_route=%2Fwp%2Fv2%2Ftags&post=140929"}],"curies":[{"name":"wp","href":"https:\/\/api.w.org\/{rel}","templated":true}]}}