{"id":140953,"date":"2026-01-30T10:12:37","date_gmt":"2026-01-30T13:12:37","guid":{"rendered":"https:\/\/blitzconquista.com.br\/?p=140953"},"modified":"2026-01-30T10:12:37","modified_gmt":"2026-01-30T13:12:37","slug":"policia-civil-recupera-veiculo-furtado-em-vitoria-da-conquista","status":"publish","type":"post","link":"http:\/\/blitzconquista.com.br\/?p=140953","title":{"rendered":"Policia Civil recupera ve\u00edculo furtado em Vit\u00f3ria da Conquista"},"content":{"rendered":"<p><span class=\"_ap3a _aaco _aacu _aacx _aad7 _aade\" dir=\"auto\"><img decoding=\"async\" loading=\"lazy\" class=\"aligncenter size-full wp-image-140955\" src=\"http:\/\/blitzconquista.com.br\/wp-content\/uploads\/2026\/01\/Screenshot-2026-01-30-at-10-11-48-Instagram.png\" alt=\"\" width=\"468\" height=\"586\" srcset=\"http:\/\/blitzconquista.com.br\/wp-content\/uploads\/2026\/01\/Screenshot-2026-01-30-at-10-11-48-Instagram.png 468w, http:\/\/blitzconquista.com.br\/wp-content\/uploads\/2026\/01\/Screenshot-2026-01-30-at-10-11-48-Instagram-240x300.png 240w\" sizes=\"(max-width: 468px) 100vw, 468px\" \/>Uma equipe da Delegacia de Repress\u00e3o a Furtos e Roubos (DRFR) de Vit\u00f3ria da Conquista recuperou, na manh\u00e3 de quarta-feira (28), um ve\u00edculo furtado no dia 24 de janeiro. O autom\u00f3vel foi encontrado abandonado no bairro Fel\u00edcia, naquele munic\u00edpio.<\/p>\n<p>A v\u00edtima relatou ter deixado o carro estacionado na \u00e1rea externa de um condom\u00ednio localizado no bairro Esp\u00edrito Santo. As investiga\u00e7\u00f5es realizadas pela DRFR localizaram o ve\u00edculo sem funcionamento do motor e com um dos pneus traseiros furado.<\/p>\n<p>O autom\u00f3vel foi guinchado e encaminhado ao p\u00e1tio da Pol\u00edcia Civil em Vit\u00f3ria da Conquista, onde ser\u00e1 periciado e permanecer\u00e1 \u00e0 disposi\u00e7\u00e3o do propriet\u00e1rio para os procedimentos legais de restitui\u00e7\u00e3o. Dilig\u00eancias investigativas, como an\u00e1lises de c\u00e2meras de seguran\u00e7a, seguem em andamento para localizar o suspeito do crime.<\/span><\/p>\n<p>&nbsp;<\/p>\n<p>Fonte: Ascom &#8211; PC\/BA<\/p>\n","protected":false},"excerpt":{"rendered":"<p>Uma equipe da Delegacia de Repress\u00e3o a Furtos e Roubos (DRFR) de Vit\u00f3ria da Conquista recuperou, na manh\u00e3 de quarta-feira (28), um ve\u00edculo furtado no dia 24 de janeiro. O autom\u00f3vel foi encontrado abandonado no bairro Fel\u00edcia, naquele munic\u00edpio. A v\u00edtima relatou ter deixado o carro estacionado na \u00e1rea externa de um condom\u00ednio localizado no [&hellip;]<\/p>\n","protected":false},"author":1,"featured_media":140955,"comment_status":"closed","ping_status":"closed","sticky":false,"template":"","format":"standard","meta":[],"categories":[212,3],"tags":[],"_links":{"self":[{"href":"http:\/\/blitzconquista.com.br\/index.php?rest_route=\/wp\/v2\/posts\/140953"}],"collection":[{"href":"http:\/\/blitzconquista.com.br\/index.php?rest_route=\/wp\/v2\/posts"}],"about":[{"href":"http:\/\/blitzconquista.com.br\/index.php?rest_route=\/wp\/v2\/types\/post"}],"author":[{"embeddable":true,"href":"http:\/\/blitzconquista.com.br\/index.php?rest_route=\/wp\/v2\/users\/1"}],"replies":[{"embeddable":true,"href":"http:\/\/blitzconquista.com.br\/index.php?rest_route=%2Fwp%2Fv2%2Fcomments&post=140953"}],"version-history":[{"count":1,"href":"http:\/\/blitzconquista.com.br\/index.php?rest_route=\/wp\/v2\/posts\/140953\/revisions"}],"predecessor-version":[{"id":140956,"href":"http:\/\/blitzconquista.com.br\/index.php?rest_route=\/wp\/v2\/posts\/140953\/revisions\/140956"}],"wp:featuredmedia":[{"embeddable":true,"href":"http:\/\/blitzconquista.com.br\/index.php?rest_route=\/wp\/v2\/media\/140955"}],"wp:attachment":[{"href":"http:\/\/blitzconquista.com.br\/index.php?rest_route=%2Fwp%2Fv2%2Fmedia&parent=140953"}],"wp:term":[{"taxonomy":"category","embeddable":true,"href":"http:\/\/blitzconquista.com.br\/index.php?rest_route=%2Fwp%2Fv2%2Fcategories&post=140953"},{"taxonomy":"post_tag","embeddable":true,"href":"http:\/\/blitzconquista.com.br\/index.php?rest_route=%2Fwp%2Fv2%2Ftags&post=140953"}],"curies":[{"name":"wp","href":"https:\/\/api.w.org\/{rel}","templated":true}]}}