{"id":141755,"date":"2026-04-30T10:40:48","date_gmt":"2026-04-30T13:40:48","guid":{"rendered":"https:\/\/blitzconquista.com.br\/?p=141755"},"modified":"2026-04-30T10:40:48","modified_gmt":"2026-04-30T13:40:48","slug":"gripe-vacinacao-de-criancas-gestantes-e-idosos-deve-ser-intensificada-antes-do-inverno","status":"publish","type":"post","link":"http:\/\/blitzconquista.com.br\/?p=141755","title":{"rendered":"Gripe: vacina\u00e7\u00e3o de crian\u00e7as, gestantes e idosos deve ser intensificada antes do inverno"},"content":{"rendered":"<div class=\"header-noticia fullwidth\">\n<h3 class=\"resumo-da-noticia fullwidth\" style=\"text-align: center;\">Minist\u00e9rio da Sa\u00fade alerta para refor\u00e7o da vacina\u00e7\u00e3o ap\u00f3s antecipa\u00e7\u00e3o da circula\u00e7\u00e3o de casos neste ano e amplia prote\u00e7\u00e3o dos grupos vulner\u00e1veis antes do inverno.<\/h3>\n<\/div>\n<div class=\"audio-noticia-container rowflex\">\n<div class=\"info-e-compartilhamento fullwidth rowflex rowflex-full\">\n<div class=\"data-publicacao rowflex\"><\/div>\n<\/div>\n<\/div>\n<div class=\"container-audiodescricao fullwidth\">\n<div class=\"row-nome-programa row-gray rowflex fullwidth\">\n<div class=\"linha\">\n<figure id=\"attachment_141757\" aria-describedby=\"caption-attachment-141757\" style=\"width: 695px\" class=\"wp-caption aligncenter\"><a href=\"http:\/\/blitzconquista.com.br\/wp-content\/uploads\/2026\/04\/811e80a8-f1e8-4cb5-98e3-b7cc19b747cc.jpeg\"><img decoding=\"async\" loading=\"lazy\" class=\"wp-image-141757 size-large\" src=\"http:\/\/blitzconquista.com.br\/wp-content\/uploads\/2026\/04\/811e80a8-f1e8-4cb5-98e3-b7cc19b747cc-695x320.jpeg\" alt=\"\" width=\"695\" height=\"320\" srcset=\"http:\/\/blitzconquista.com.br\/wp-content\/uploads\/2026\/04\/811e80a8-f1e8-4cb5-98e3-b7cc19b747cc-695x320.jpeg 695w, http:\/\/blitzconquista.com.br\/wp-content\/uploads\/2026\/04\/811e80a8-f1e8-4cb5-98e3-b7cc19b747cc-300x138.jpeg 300w, http:\/\/blitzconquista.com.br\/wp-content\/uploads\/2026\/04\/811e80a8-f1e8-4cb5-98e3-b7cc19b747cc.jpeg 768w\" sizes=\"(max-width: 695px) 100vw, 695px\" \/><\/a><figcaption id=\"caption-attachment-141757\" class=\"wp-caption-text\">Foto: Myke Sena\/MS<\/figcaption><\/figure>\n<\/div>\n<\/div>\n<div class=\"texto-audiodescricao\">\n<p>A circula\u00e7\u00e3o do v\u00edrus da gripe come\u00e7ou mais cedo neste ano, e o Minist\u00e9rio da Sa\u00fade refor\u00e7a a import\u00e2ncia da vacina\u00e7\u00e3o, principalmente para crian\u00e7as, gestantes e idosos, grupos com maior risco de complica\u00e7\u00f5es. A vacina contra a influenza est\u00e1 dispon\u00edvel gratuitamente no SUS para os p\u00fablicos priorit\u00e1rios.<\/p>\n<p>A campanha segue at\u00e9 30 de maio nas regi\u00f5es Nordeste, Centro-Oeste, Sul e Sudeste. Na Regi\u00e3o Norte, a vacina\u00e7\u00e3o ocorre no segundo semestre. Segundo o Minist\u00e9rio da Sa\u00fade, mais de 17 milh\u00f5es de doses j\u00e1 foram distribu\u00eddas no pa\u00eds, com 11 milh\u00f5es e 600 mil aplicadas em crian\u00e7as, idosos e gestantes.<\/p>\n<p>At\u00e9 18 de abril, o pa\u00eds registrou 5 mil e 500 casos de S\u00edndrome Respirat\u00f3ria Aguda Grave por influenza e 352 mortes. O minist\u00e9rio tamb\u00e9m alerta as gestantes sobre a prote\u00e7\u00e3o dos beb\u00eas contra a bronquiolite. O SUS oferece a vacina contra o v\u00edrus sincicial respirat\u00f3rio a partir da 28\u00aa semana de gesta\u00e7\u00e3o.<\/p>\n<p>Al\u00e9m disso, rec\u00e9m-nascidos prematuros e crian\u00e7as de at\u00e9 23 meses com condi\u00e7\u00f5es espec\u00edficas podem receber o nirsevimabe, anticorpo que oferece prote\u00e7\u00e3o imediata contra casos graves. A orienta\u00e7\u00e3o \u00e9 procurar a unidade b\u00e1sica de sa\u00fade mais pr\u00f3xima e manter a caderneta de vacina\u00e7\u00e3o em dia.<\/p>\n<p>A campanha \u00e9 realizada anualmente, pois o v\u00edrus sofre muta\u00e7\u00f5es frequentes e novas cepas passam a circular a cada temporada. Por isso, o Minist\u00e9rio da Sa\u00fade atualiza a composi\u00e7\u00e3o das vacinas em todas as campanhas. O imunizante pode ser aplicado junto a outras vacinas do Calend\u00e1rio Nacional, incluindo a vacina contra a Covid-19.<\/p>\n<p>&nbsp;<\/p>\n<p>Fonte: Ag\u00eancia R\u00e1dio Gov<\/p>\n<\/div>\n<\/div>\n","protected":false},"excerpt":{"rendered":"<p>Minist\u00e9rio da Sa\u00fade alerta para refor\u00e7o da vacina\u00e7\u00e3o ap\u00f3s antecipa\u00e7\u00e3o da circula\u00e7\u00e3o de casos neste ano e amplia prote\u00e7\u00e3o dos grupos vulner\u00e1veis antes do inverno. A circula\u00e7\u00e3o do v\u00edrus da gripe come\u00e7ou mais cedo neste ano, e o Minist\u00e9rio da Sa\u00fade refor\u00e7a a import\u00e2ncia da vacina\u00e7\u00e3o, principalmente para crian\u00e7as, gestantes e idosos, grupos com maior [&hellip;]<\/p>\n","protected":false},"author":1,"featured_media":141757,"comment_status":"closed","ping_status":"closed","sticky":false,"template":"","format":"standard","meta":[],"categories":[212,30],"tags":[],"_links":{"self":[{"href":"http:\/\/blitzconquista.com.br\/index.php?rest_route=\/wp\/v2\/posts\/141755"}],"collection":[{"href":"http:\/\/blitzconquista.com.br\/index.php?rest_route=\/wp\/v2\/posts"}],"about":[{"href":"http:\/\/blitzconquista.com.br\/index.php?rest_route=\/wp\/v2\/types\/post"}],"author":[{"embeddable":true,"href":"http:\/\/blitzconquista.com.br\/index.php?rest_route=\/wp\/v2\/users\/1"}],"replies":[{"embeddable":true,"href":"http:\/\/blitzconquista.com.br\/index.php?rest_route=%2Fwp%2Fv2%2Fcomments&post=141755"}],"version-history":[{"count":1,"href":"http:\/\/blitzconquista.com.br\/index.php?rest_route=\/wp\/v2\/posts\/141755\/revisions"}],"predecessor-version":[{"id":141758,"href":"http:\/\/blitzconquista.com.br\/index.php?rest_route=\/wp\/v2\/posts\/141755\/revisions\/141758"}],"wp:featuredmedia":[{"embeddable":true,"href":"http:\/\/blitzconquista.com.br\/index.php?rest_route=\/wp\/v2\/media\/141757"}],"wp:attachment":[{"href":"http:\/\/blitzconquista.com.br\/index.php?rest_route=%2Fwp%2Fv2%2Fmedia&parent=141755"}],"wp:term":[{"taxonomy":"category","embeddable":true,"href":"http:\/\/blitzconquista.com.br\/index.php?rest_route=%2Fwp%2Fv2%2Fcategories&post=141755"},{"taxonomy":"post_tag","embeddable":true,"href":"http:\/\/blitzconquista.com.br\/index.php?rest_route=%2Fwp%2Fv2%2Ftags&post=141755"}],"curies":[{"name":"wp","href":"https:\/\/api.w.org\/{rel}","templated":true}]}}