{"id":141759,"date":"2026-04-30T10:49:16","date_gmt":"2026-04-30T13:49:16","guid":{"rendered":"https:\/\/blitzconquista.com.br\/?p=141759"},"modified":"2026-04-30T10:49:16","modified_gmt":"2026-04-30T13:49:16","slug":"prf-e-parceiros-promovem-acao-de-saude-e-conscientizacao-viaria-na-br-116-em-vitoria-da-conquista","status":"publish","type":"post","link":"http:\/\/blitzconquista.com.br\/?p=141759","title":{"rendered":"PRF e parceiros promovem a\u00e7\u00e3o de sa\u00fade e conscientiza\u00e7\u00e3o vi\u00e1ria na BR-116 em Vit\u00f3ria da Conquista"},"content":{"rendered":"<h3 class=\"documentDescription\" style=\"text-align: center;\">Iniciativa celebrou tamb\u00e9m o Dia da Caatinga com distribui\u00e7\u00e3o de mudas e utilizou a Carreta do Cinema Rodovi\u00e1rio para promover condutas seguras no tr\u00e2nsito<\/h3>\n<div id=\"viewlet-above-content-body\">\n<div id=\"media\"><img decoding=\"async\" loading=\"lazy\" class=\"aligncenter\" src=\"https:\/\/www.gov.br\/prf\/pt-br\/noticias\/estaduais\/bahia\/2026\/abril\/prf-e-parceiros-promovem-acao-de-saude-e-conscientizacao-viaria-na-br-116-em-vitoria-da-conquista\/whatsapp-image-2026-04-29-at-18-44-11.jpeg\/@@images\/9889acfb-f579-474a-bf55-91992cccbfc2.jpeg\" alt=\"WhatsApp Image 2026-04-29 at 18.44.11.jpeg\" width=\"768\" height=\"432\" \/><\/div>\n<\/div>\n<div id=\"content-core\">\n<div id=\"parent-fieldname-text\" class=\"\">\n<div>\n<div class=\"container\">\n<div id=\"model-response-message-contentr_8bc4ed70cb3b957f\" class=\"markdown markdown-main-panel enable-updated-hr-color\" dir=\"ltr\">\n<p data-path-to-node=\"2\">A Pol\u00edcia Rodovi\u00e1ria Federal (PRF), em parceria com a Prefeitura Municipal de Vit\u00f3ria da Conquista, o SEST\/SENAT e a UNINASSAU, realizou na ter\u00e7a-feira (28\/04), uma importante a\u00e7\u00e3o de sa\u00fade e educa\u00e7\u00e3o para o tr\u00e2nsito nesta quarta-feira, na BR-116. O evento teve como p\u00fablico-alvo condutores de ve\u00edculos de carga, al\u00e9m de motoristas e passageiros do transporte intermunicipal e interestadual, focando no bem-estar de quem faz das rodovias o seu ambiente de trabalho.<\/p>\n<p class=\"callout\"><strong>Educa\u00e7\u00e3o para o Tr\u00e2nsito: Cinema Rodovi\u00e1rio em A\u00e7\u00e3o<\/strong><\/p>\n<p data-path-to-node=\"5\">Um dos grandes diferenciais da mobiliza\u00e7\u00e3o foi a presen\u00e7a da\u00a0<b data-path-to-node=\"5\" data-index-in-node=\"61\">Carreta do Cinema Rodovi\u00e1rio<\/b>. O espa\u00e7o foi utilizado para a realiza\u00e7\u00e3o de palestras educativas, onde os participantes receberam orienta\u00e7\u00f5es fundamentais sobre seguran\u00e7a vi\u00e1ria e a import\u00e2ncia de adotar condutas prudentes ao volante. A ferramenta l\u00fadica e instrutiva refor\u00e7ou como a aten\u00e7\u00e3o plena e o respeito \u00e0s normas de tr\u00e2nsito s\u00e3o vitais para a redu\u00e7\u00e3o de sinistros.<\/p>\n<p class=\"callout\"><strong>Sa\u00fade e Preven\u00e7\u00e3o no Trecho<\/strong><\/p>\n<p data-path-to-node=\"7\">Reconhecendo que a sa\u00fade do motorista \u00e9 um pilar da seguran\u00e7a vi\u00e1ria, as Secretarias Municipais de Sa\u00fade e do Meio Ambiente, junto a profissionais da UNINASSAU e do SEST\/SENAT, ofereceram uma gama de servi\u00e7os essenciais:<\/p>\n<ul data-path-to-node=\"8\">\n<li>\n<p data-path-to-node=\"8,0,0\"><b data-path-to-node=\"8,0,0\" data-index-in-node=\"0\">Monitoramento Cl\u00ednico:<\/b>\u00a0Aferi\u00e7\u00e3o de press\u00e3o arterial e testes de glicemia.<\/p>\n<\/li>\n<li>\n<p data-path-to-node=\"8,1,0\"><b data-path-to-node=\"8,1,0\" data-index-in-node=\"0\">Preven\u00e7\u00e3o:<\/b>\u00a0Testes r\u00e1pidos para s\u00edfilis e HIV.<\/p>\n<\/li>\n<li>\n<p data-path-to-node=\"8,2,0\"><b data-path-to-node=\"8,2,0\" data-index-in-node=\"0\">Imuniza\u00e7\u00e3o:<\/b>\u00a0Oferta de vacinas dispon\u00edveis na rede p\u00fablica, como a da Influenza.<\/p>\n<\/li>\n<\/ul>\n<p data-path-to-node=\"9\">As equipes tamb\u00e9m aproveitaram a oportunidade para mapear o perfil dos profissionais atendidos, identificando desgastes causados por longas jornadas e sono comprometido, visando subsidiar futuras pol\u00edticas p\u00fablicas de assist\u00eancia ao caminhoneiro.<\/p>\n<p class=\"callout\"><strong>Sustentabilidade: Celebra\u00e7\u00e3o do Dia da Caatinga<\/strong><\/p>\n<p data-path-to-node=\"11\">Unindo a seguran\u00e7a vi\u00e1ria \u00e0 responsabilidade ambiental, a a\u00e7\u00e3o comemorou o Dia da Caatinga. Como s\u00edmbolo de preserva\u00e7\u00e3o e conex\u00e3o com a regi\u00e3o, foram distribu\u00eddas mudas de plantas nativas aos motoristas e passageiros. A iniciativa buscou sensibilizar o p\u00fablico sobre a import\u00e2ncia do bioma local, promovendo a consci\u00eancia ecol\u00f3gica em meio \u00e0 rotina das estradas.<\/p>\n<p class=\"callout\"><strong>Integra\u00e7\u00e3o por um Tr\u00e2nsito mais Humano<\/strong><\/p>\n<p data-path-to-node=\"13\">A uni\u00e3o entre PRF e institui\u00e7\u00f5es parceiras refor\u00e7a que a seguran\u00e7a nas rodovias depende de um esfor\u00e7o multifocal. Ao cuidar da sa\u00fade f\u00edsica, mental e do n\u00edvel de informa\u00e7\u00e3o dos condutores, a a\u00e7\u00e3o n\u00e3o apenas melhora a qualidade de vida desses profissionais, mas garante um ambiente mais seguro para todos que trafegam pelas rodovias federais.<\/p>\n<dl class=\"image-inline captioned caption-center\">\n<dt><img decoding=\"async\" loading=\"lazy\" class=\"aligncenter\" src=\"https:\/\/www.gov.br\/prf\/pt-br\/noticias\/estaduais\/bahia\/2026\/abril\/copy_of_WhatsAppImage20260429at18.44.13.jpeg\/@@images\/c0193581-7eb6-4924-b324-ff7caec24312.jpeg\" alt=\"COMANDO SA\u00daDE PREVENTIVO - VIT\u00d3RIA DA CONQUISTA\" width=\"2560\" height=\"1440\" \/><\/dt>\n<dd class=\"image-caption\">COMANDO SA\u00daDE PREVENTIVO &#8211; VIT\u00d3RIA DA CONQUISTA<\/dd>\n<\/dl>\n<dl class=\"image-inline captioned caption-center\">\n<dt><img decoding=\"async\" loading=\"lazy\" class=\"aligncenter\" src=\"https:\/\/www.gov.br\/prf\/pt-br\/noticias\/estaduais\/bahia\/2026\/abril\/WhatsAppImage20260430at02.18.19.jpeg\/@@images\/172ffd90-7592-4740-9999-0616371fde48.jpeg\" alt=\"COMANDO SA\u00daDE PREVENTIVO - VIT\u00d3RIA DA CONQUISTA\" width=\"1600\" height=\"900\" \/><\/dt>\n<dd class=\"image-caption\">COMANDO SA\u00daDE PREVENTIVO &#8211; VIT\u00d3RIA DA CONQUISTA<\/dd>\n<\/dl>\n<p>Fonte: PRF<\/p>\n<\/div>\n<\/div>\n<\/div>\n<\/div>\n<\/div>\n","protected":false},"excerpt":{"rendered":"<p>Iniciativa celebrou tamb\u00e9m o Dia da Caatinga com distribui\u00e7\u00e3o de mudas e utilizou a Carreta do Cinema Rodovi\u00e1rio para promover condutas seguras no tr\u00e2nsito A Pol\u00edcia Rodovi\u00e1ria Federal (PRF), em parceria com a Prefeitura Municipal de Vit\u00f3ria da Conquista, o SEST\/SENAT e a UNINASSAU, realizou na ter\u00e7a-feira (28\/04), uma importante a\u00e7\u00e3o de sa\u00fade e educa\u00e7\u00e3o [&hellip;]<\/p>\n","protected":false},"author":1,"featured_media":141761,"comment_status":"closed","ping_status":"closed","sticky":false,"template":"","format":"standard","meta":[],"categories":[7],"tags":[],"_links":{"self":[{"href":"http:\/\/blitzconquista.com.br\/index.php?rest_route=\/wp\/v2\/posts\/141759"}],"collection":[{"href":"http:\/\/blitzconquista.com.br\/index.php?rest_route=\/wp\/v2\/posts"}],"about":[{"href":"http:\/\/blitzconquista.com.br\/index.php?rest_route=\/wp\/v2\/types\/post"}],"author":[{"embeddable":true,"href":"http:\/\/blitzconquista.com.br\/index.php?rest_route=\/wp\/v2\/users\/1"}],"replies":[{"embeddable":true,"href":"http:\/\/blitzconquista.com.br\/index.php?rest_route=%2Fwp%2Fv2%2Fcomments&post=141759"}],"version-history":[{"count":1,"href":"http:\/\/blitzconquista.com.br\/index.php?rest_route=\/wp\/v2\/posts\/141759\/revisions"}],"predecessor-version":[{"id":141762,"href":"http:\/\/blitzconquista.com.br\/index.php?rest_route=\/wp\/v2\/posts\/141759\/revisions\/141762"}],"wp:featuredmedia":[{"embeddable":true,"href":"http:\/\/blitzconquista.com.br\/index.php?rest_route=\/wp\/v2\/media\/141761"}],"wp:attachment":[{"href":"http:\/\/blitzconquista.com.br\/index.php?rest_route=%2Fwp%2Fv2%2Fmedia&parent=141759"}],"wp:term":[{"taxonomy":"category","embeddable":true,"href":"http:\/\/blitzconquista.com.br\/index.php?rest_route=%2Fwp%2Fv2%2Fcategories&post=141759"},{"taxonomy":"post_tag","embeddable":true,"href":"http:\/\/blitzconquista.com.br\/index.php?rest_route=%2Fwp%2Fv2%2Ftags&post=141759"}],"curies":[{"name":"wp","href":"https:\/\/api.w.org\/{rel}","templated":true}]}}