{"id":141784,"date":"2026-04-30T12:13:02","date_gmt":"2026-04-30T15:13:02","guid":{"rendered":"https:\/\/blitzconquista.com.br\/?p=141784"},"modified":"2026-04-30T12:13:02","modified_gmt":"2026-04-30T15:13:02","slug":"segunda-fase-da-operacao-raizes-ocultas-erradica-300-mil-pes-de-maconha-em-ibitiara","status":"publish","type":"post","link":"http:\/\/blitzconquista.com.br\/?p=141784","title":{"rendered":"Segunda fase da Opera\u00e7\u00e3o Ra\u00edzes Ocultas erradica 300 mil p\u00e9s de maconha em Ibitiara"},"content":{"rendered":"<div id=\"block-bagov-base-titulodapagina\" class=\"block block-core block-page-title-block\">\n<h3 class=\"field--name-title field--name-subtitle\" style=\"text-align: center;\">Um homem e uma mulher respons\u00e1veis pela planta\u00e7\u00e3o foram autuados em flagrante pelo crime de tr\u00e1fico de drogas e associa\u00e7\u00e3o para o tr\u00e1fico<\/h3>\n<\/div>\n<div id=\"block-bagov-base-bettersocialsharingbuttons\" class=\"block block-better-social-sharing-buttons block-social-sharing-buttons-block\"><\/div>\n<article class=\"node node--type-noticia node--view-mode-full\" data-history-node-id=\"24863\">\n<div class=\"node__content\">\n<div class=\"clearfix text-formatted field field--name-body field--type-text-with-summary field--label-hidden field__item\">\n<p><img decoding=\"async\" loading=\"lazy\" class=\"aligncenter size-large wp-image-141786\" src=\"http:\/\/blitzconquista.com.br\/wp-content\/uploads\/2026\/04\/WhatsApp-Image-2026-04-30-at-10.20.16-695x366.jpeg\" alt=\"\" width=\"695\" height=\"366\" srcset=\"http:\/\/blitzconquista.com.br\/wp-content\/uploads\/2026\/04\/WhatsApp-Image-2026-04-30-at-10.20.16-695x366.jpeg 695w, http:\/\/blitzconquista.com.br\/wp-content\/uploads\/2026\/04\/WhatsApp-Image-2026-04-30-at-10.20.16-300x158.jpeg 300w, http:\/\/blitzconquista.com.br\/wp-content\/uploads\/2026\/04\/WhatsApp-Image-2026-04-30-at-10.20.16-768x405.jpeg 768w, http:\/\/blitzconquista.com.br\/wp-content\/uploads\/2026\/04\/WhatsApp-Image-2026-04-30-at-10.20.16.jpeg 806w\" sizes=\"(max-width: 695px) 100vw, 695px\" \/> Na manh\u00e3 desta quinta-feira (30), a Pol\u00edcia Civil da Bahia deflagrou a segunda fase da opera\u00e7\u00e3o \u201cRa\u00edzes Ocultas\u201d, no munic\u00edpio de Ibitiara. Durante a a\u00e7\u00e3o, 300 mil p\u00e9s de maconha foram erradicados, causando um preju\u00edzo estimado em R$ 45 milh\u00f5es ao crime organizado, e um casal foi autuado em flagrante pelos crimes de tr\u00e1fico de drogas e associa\u00e7\u00e3o para o tr\u00e1fico.<\/p>\n<p>A a\u00e7\u00e3o foi efetuada pela 5\u00aa Delegacia de T\u00f3xicos e Entorpecentes (DTE\/Irec\u00ea), vinculada ao Departamento Especializado de Investiga\u00e7\u00e3o e Repress\u00e3o ao Narcotr\u00e1fico (Denarc). No local, foi identificada uma planta\u00e7\u00e3o em uma \u00e1rea superior a 25 mil m\u00b2. A estimativa \u00e9 de que a produ\u00e7\u00e3o, ap\u00f3s a colheita, alcan\u00e7aria cerca de 100 toneladas do entorpecente, representando preju\u00edzo milion\u00e1rio \u00e0 organiza\u00e7\u00e3o criminosa respons\u00e1vel.<\/p>\n<p>Durante a a\u00e7\u00e3o, um grupo de homens que se encontrava na \u00e1rea percebeu a presen\u00e7a das equipes policiais e fugiu pela mata. Simultaneamente, o casal foi flagrado deixando um im\u00f3vel em um ve\u00edculo, sendo imediatamente abordado e preso em flagrante.<\/p>\n<p>Durante a a\u00e7\u00e3o, foram apreendidos aparelhos celulares, um ve\u00edculo e um modem de internet via sat\u00e9lite, equipamentos que evidenciam o n\u00edvel de estrutura e organiza\u00e7\u00e3o do grupo criminoso.<\/p>\n<p>As investiga\u00e7\u00f5es ainda apontam que os lucros obtidos com o cultivo ilegal de maconha vinham sendo utilizados para financiar outras atividades il\u00edcitas, incluindo o com\u00e9rcio ilegal de armas de fogo, o que contribui para o aumento dos \u00edndices de viol\u00eancia na regi\u00e3o.<\/p>\n<p>Os suspeitos foram encaminhados \u00e0 unidade especializada, passaram pelos exames legais e permanecem custodiados \u00e0 disposi\u00e7\u00e3o do Poder Judici\u00e1rio.<br \/>\nO material apreendido foi encaminhado ao Departamento de Pol\u00edcia T\u00e9cnica (DPT), onde passar\u00e1 por exames periciais. As dilig\u00eancias seguem em curso, com foco na identifica\u00e7\u00e3o e responsabiliza\u00e7\u00e3o de todos os envolvidos na organiza\u00e7\u00e3o criminosa.<\/p>\n<p>Participaram tamb\u00e9m da a\u00e7\u00e3o a 14\u00aa Coordenadoria Regional de Pol\u00edcia do Interior (Coorpin\/Irec\u00ea), integrante do Departamento de Pol\u00edcia do Interior (Depin), com a participa\u00e7\u00e3o de equipes do Gatti\/Chapada (14\u00aa Coorpin), Gatti\/Diamantina (13\u00aa Coorpin) e do Departamento de Pol\u00edcia T\u00e9cnica (DPT).<\/p>\n<p><img decoding=\"async\" loading=\"lazy\" class=\"aligncenter size-large wp-image-141787\" src=\"http:\/\/blitzconquista.com.br\/wp-content\/uploads\/2026\/04\/WhatsApp-Image-2026-04-30-at-10.20.17_0-695x391.jpeg\" alt=\"\" width=\"695\" height=\"391\" srcset=\"http:\/\/blitzconquista.com.br\/wp-content\/uploads\/2026\/04\/WhatsApp-Image-2026-04-30-at-10.20.17_0-695x391.jpeg 695w, http:\/\/blitzconquista.com.br\/wp-content\/uploads\/2026\/04\/WhatsApp-Image-2026-04-30-at-10.20.17_0-300x168.jpeg 300w, http:\/\/blitzconquista.com.br\/wp-content\/uploads\/2026\/04\/WhatsApp-Image-2026-04-30-at-10.20.17_0-768x432.jpeg 768w, http:\/\/blitzconquista.com.br\/wp-content\/uploads\/2026\/04\/WhatsApp-Image-2026-04-30-at-10.20.17_0-470x264.jpeg 470w, http:\/\/blitzconquista.com.br\/wp-content\/uploads\/2026\/04\/WhatsApp-Image-2026-04-30-at-10.20.17_0-640x360.jpeg 640w, http:\/\/blitzconquista.com.br\/wp-content\/uploads\/2026\/04\/WhatsApp-Image-2026-04-30-at-10.20.17_0-414x232.jpeg 414w, http:\/\/blitzconquista.com.br\/wp-content\/uploads\/2026\/04\/WhatsApp-Image-2026-04-30-at-10.20.17_0-215x120.jpeg 215w, http:\/\/blitzconquista.com.br\/wp-content\/uploads\/2026\/04\/WhatsApp-Image-2026-04-30-at-10.20.17_0.jpeg 842w\" sizes=\"(max-width: 695px) 100vw, 695px\" \/><\/p>\n<\/div>\n<div class=\"field field--name-field-fonte-noticia field--type-string field--label-above\">\n<div class=\"field__label\">Fonte:\u00a0Mayane Sant\u2019Ana \/ Ascom PCBA<\/div>\n<\/div>\n<\/div>\n<\/article>\n","protected":false},"excerpt":{"rendered":"<p>Um homem e uma mulher respons\u00e1veis pela planta\u00e7\u00e3o foram autuados em flagrante pelo crime de tr\u00e1fico de drogas e associa\u00e7\u00e3o para o tr\u00e1fico Na manh\u00e3 desta quinta-feira (30), a Pol\u00edcia Civil da Bahia deflagrou a segunda fase da opera\u00e7\u00e3o \u201cRa\u00edzes Ocultas\u201d, no munic\u00edpio de Ibitiara. Durante a a\u00e7\u00e3o, 300 mil p\u00e9s de maconha foram erradicados, [&hellip;]<\/p>\n","protected":false},"author":1,"featured_media":141787,"comment_status":"closed","ping_status":"closed","sticky":false,"template":"","format":"standard","meta":[],"categories":[3],"tags":[],"_links":{"self":[{"href":"http:\/\/blitzconquista.com.br\/index.php?rest_route=\/wp\/v2\/posts\/141784"}],"collection":[{"href":"http:\/\/blitzconquista.com.br\/index.php?rest_route=\/wp\/v2\/posts"}],"about":[{"href":"http:\/\/blitzconquista.com.br\/index.php?rest_route=\/wp\/v2\/types\/post"}],"author":[{"embeddable":true,"href":"http:\/\/blitzconquista.com.br\/index.php?rest_route=\/wp\/v2\/users\/1"}],"replies":[{"embeddable":true,"href":"http:\/\/blitzconquista.com.br\/index.php?rest_route=%2Fwp%2Fv2%2Fcomments&post=141784"}],"version-history":[{"count":1,"href":"http:\/\/blitzconquista.com.br\/index.php?rest_route=\/wp\/v2\/posts\/141784\/revisions"}],"predecessor-version":[{"id":141788,"href":"http:\/\/blitzconquista.com.br\/index.php?rest_route=\/wp\/v2\/posts\/141784\/revisions\/141788"}],"wp:featuredmedia":[{"embeddable":true,"href":"http:\/\/blitzconquista.com.br\/index.php?rest_route=\/wp\/v2\/media\/141787"}],"wp:attachment":[{"href":"http:\/\/blitzconquista.com.br\/index.php?rest_route=%2Fwp%2Fv2%2Fmedia&parent=141784"}],"wp:term":[{"taxonomy":"category","embeddable":true,"href":"http:\/\/blitzconquista.com.br\/index.php?rest_route=%2Fwp%2Fv2%2Fcategories&post=141784"},{"taxonomy":"post_tag","embeddable":true,"href":"http:\/\/blitzconquista.com.br\/index.php?rest_route=%2Fwp%2Fv2%2Ftags&post=141784"}],"curies":[{"name":"wp","href":"https:\/\/api.w.org\/{rel}","templated":true}]}}