{"id":143636,"date":"2026-08-31T11:36:17","date_gmt":"2026-08-31T14:36:17","guid":{"rendered":"https:\/\/blitzconquista.com.br\/?p=143636"},"modified":"2026-08-31T11:36:17","modified_gmt":"2026-08-31T14:36:17","slug":"homem-e-detido-suspeito-de-abuso-sexual-contra-crianca-de-sete-anos-em-encruzilhada","status":"publish","type":"post","link":"http:\/\/blitzconquista.com.br\/?p=143636","title":{"rendered":"Homem \u00e9 detido suspeito de abuso sexual contra crian\u00e7a de sete anos em Encruzilhada"},"content":{"rendered":"<p><img decoding=\"async\" loading=\"lazy\" class=\"aligncenter size-full wp-image-143639\" src=\"http:\/\/blitzconquista.com.br\/wp-content\/uploads\/2026\/08\/jovem-mostrando-o-gesto-de-parada-.jpg\" alt=\"\" width=\"740\" height=\"493\" srcset=\"http:\/\/blitzconquista.com.br\/wp-content\/uploads\/2026\/08\/jovem-mostrando-o-gesto-de-parada-.jpg 740w, http:\/\/blitzconquista.com.br\/wp-content\/uploads\/2026\/08\/jovem-mostrando-o-gesto-de-parada--300x200.jpg 300w, http:\/\/blitzconquista.com.br\/wp-content\/uploads\/2026\/08\/jovem-mostrando-o-gesto-de-parada--695x463.jpg 695w, http:\/\/blitzconquista.com.br\/wp-content\/uploads\/2026\/08\/jovem-mostrando-o-gesto-de-parada--414x276.jpg 414w, http:\/\/blitzconquista.com.br\/wp-content\/uploads\/2026\/08\/jovem-mostrando-o-gesto-de-parada--470x313.jpg 470w, http:\/\/blitzconquista.com.br\/wp-content\/uploads\/2026\/08\/jovem-mostrando-o-gesto-de-parada--640x426.jpg 640w, http:\/\/blitzconquista.com.br\/wp-content\/uploads\/2026\/08\/jovem-mostrando-o-gesto-de-parada--130x86.jpg 130w, http:\/\/blitzconquista.com.br\/wp-content\/uploads\/2026\/08\/jovem-mostrando-o-gesto-de-parada--187x124.jpg 187w\" sizes=\"(max-width: 740px) 100vw, 740px\" \/><\/p>\n<p class=\"isSelectedEnd\">Um homem foi detido pela Pol\u00edcia Militar na noite deste domingo (30), suspeito de praticar abuso sexual contra uma crian\u00e7a de sete anos no distrito de Vila Bahia, zona rural de Encruzilhada, no sudoeste da Bahia.<\/p>\n<p class=\"isSelectedEnd\">Segundo informa\u00e7\u00f5es da 80\u00aa Companhia Independente de Pol\u00edcia Militar (CIPM), a guarni\u00e7\u00e3o do 2\u00ba Pelot\u00e3o foi acionada por meio do telefone funcional para averiguar uma den\u00fancia envolvendo a crian\u00e7a.<\/p>\n<p class=\"isSelectedEnd\">No local, os policiais conversaram com um familiar da suposta v\u00edtima, que relatou que o suspeito teria entrado na resid\u00eancia sem autoriza\u00e7\u00e3o e constrangido a crian\u00e7a a beij\u00e1-lo. Ainda conforme o relato apresentado \u00e0 PM, o epis\u00f3dio teria sido presenciado por uma familiar da v\u00edtima.<\/p>\n<p class=\"isSelectedEnd\">Ap\u00f3s o ocorrido, o suspeito teria deixado o im\u00f3vel. Os policiais realizaram dilig\u00eancias na regi\u00e3o e localizaram o homem em sua resid\u00eancia.<\/p>\n<p class=\"isSelectedEnd\">Ele foi detido e encaminhado ao Distrito Integrado de Seguran\u00e7a P\u00fablica (DISEP), em Vit\u00f3ria da Conquista, onde foi apresentado \u00e0 autoridade policial para a ado\u00e7\u00e3o das medidas legais cab\u00edveis.<\/p>\n<p class=\"isSelectedEnd\">A crian\u00e7a recebeu atendimento m\u00e9dico e passou pelos procedimentos necess\u00e1rios. O Conselho Tutelar tamb\u00e9m foi acionado para acompanhar o caso e prestar o suporte previsto \u00e0s v\u00edtimas.<\/p>\n<p class=\"isSelectedEnd\">A ocorr\u00eancia foi registrada pela Pol\u00edcia Militar como suspeita de <strong>estupro de vulner\u00e1vel<\/strong>. A investiga\u00e7\u00e3o dever\u00e1 apurar as circunst\u00e2ncias do caso e reunir os elementos necess\u00e1rios para a responsabiliza\u00e7\u00e3o, se confirmada a pr\u00e1tica criminosa.<\/p>\n<p>A identidade da crian\u00e7a foi preservada, conforme determina a legisla\u00e7\u00e3o de prote\u00e7\u00e3o \u00e0 inf\u00e2ncia.<\/p>\n<p>&nbsp;<\/p>\n<p>Fonte: Ascom &#8211; 80\u00aa CIPM<\/p>\n","protected":false},"excerpt":{"rendered":"<p>Um homem foi detido pela Pol\u00edcia Militar na noite deste domingo (30), suspeito de praticar abuso sexual contra uma crian\u00e7a de sete anos no distrito de Vila Bahia, zona rural de Encruzilhada, no sudoeste da Bahia. Segundo informa\u00e7\u00f5es da 80\u00aa Companhia Independente de Pol\u00edcia Militar (CIPM), a guarni\u00e7\u00e3o do 2\u00ba Pelot\u00e3o foi acionada por meio [&hellip;]<\/p>\n","protected":false},"author":1,"featured_media":143640,"comment_status":"closed","ping_status":"closed","sticky":false,"template":"","format":"standard","meta":[],"categories":[212,3],"tags":[],"_links":{"self":[{"href":"http:\/\/blitzconquista.com.br\/index.php?rest_route=\/wp\/v2\/posts\/143636"}],"collection":[{"href":"http:\/\/blitzconquista.com.br\/index.php?rest_route=\/wp\/v2\/posts"}],"about":[{"href":"http:\/\/blitzconquista.com.br\/index.php?rest_route=\/wp\/v2\/types\/post"}],"author":[{"embeddable":true,"href":"http:\/\/blitzconquista.com.br\/index.php?rest_route=\/wp\/v2\/users\/1"}],"replies":[{"embeddable":true,"href":"http:\/\/blitzconquista.com.br\/index.php?rest_route=%2Fwp%2Fv2%2Fcomments&post=143636"}],"version-history":[{"count":1,"href":"http:\/\/blitzconquista.com.br\/index.php?rest_route=\/wp\/v2\/posts\/143636\/revisions"}],"predecessor-version":[{"id":143641,"href":"http:\/\/blitzconquista.com.br\/index.php?rest_route=\/wp\/v2\/posts\/143636\/revisions\/143641"}],"wp:featuredmedia":[{"embeddable":true,"href":"http:\/\/blitzconquista.com.br\/index.php?rest_route=\/wp\/v2\/media\/143640"}],"wp:attachment":[{"href":"http:\/\/blitzconquista.com.br\/index.php?rest_route=%2Fwp%2Fv2%2Fmedia&parent=143636"}],"wp:term":[{"taxonomy":"category","embeddable":true,"href":"http:\/\/blitzconquista.com.br\/index.php?rest_route=%2Fwp%2Fv2%2Fcategories&post=143636"},{"taxonomy":"post_tag","embeddable":true,"href":"http:\/\/blitzconquista.com.br\/index.php?rest_route=%2Fwp%2Fv2%2Ftags&post=143636"}],"curies":[{"name":"wp","href":"https:\/\/api.w.org\/{rel}","templated":true}]}}