{"id":143642,"date":"2026-08-31T11:55:55","date_gmt":"2026-08-31T14:55:55","guid":{"rendered":"https:\/\/blitzconquista.com.br\/?p=143642"},"modified":"2026-08-31T11:59:28","modified_gmt":"2026-08-31T14:59:28","slug":"homem-morre-apos-passar-mal-dentro-de-onibus-do-transporte-coletivo-em-vitoria-da-conquista","status":"publish","type":"post","link":"http:\/\/blitzconquista.com.br\/?p=143642","title":{"rendered":"Homem morre ap\u00f3s passar mal dentro de \u00f4nibus do transporte coletivo em Vit\u00f3ria da Conquista"},"content":{"rendered":"<figure id=\"attachment_143647\" aria-describedby=\"caption-attachment-143647\" style=\"width: 512px\" class=\"wp-caption aligncenter\"><img decoding=\"async\" loading=\"lazy\" class=\"wp-image-143647 size-full\" src=\"http:\/\/blitzconquista.com.br\/wp-content\/uploads\/2026\/08\/Copilot_20260831_115410-1.png\" alt=\"\" width=\"512\" height=\"768\" srcset=\"http:\/\/blitzconquista.com.br\/wp-content\/uploads\/2026\/08\/Copilot_20260831_115410-1.png 512w, http:\/\/blitzconquista.com.br\/wp-content\/uploads\/2026\/08\/Copilot_20260831_115410-1-200x300.png 200w, http:\/\/blitzconquista.com.br\/wp-content\/uploads\/2026\/08\/Copilot_20260831_115410-1-435x653.png 435w\" sizes=\"(max-width: 512px) 100vw, 512px\" \/><figcaption id=\"caption-attachment-143647\" class=\"wp-caption-text\">Imagem: Edi\u00e7\u00e3o com IA<\/figcaption><\/figure>\n<p class=\"isSelectedEnd\">Um homem identificado como <strong>Jailton da Paix\u00e3o<\/strong> morreu na manh\u00e3 desta segunda-feira (31) ap\u00f3s sofrer um mal s\u00fabito dentro de um ve\u00edculo do transporte coletivo de Vit\u00f3ria da Conquista, no sudoeste da Bahia. A ocorr\u00eancia foi registrada na movimentada <strong>Avenida Ol\u00edvia Flores<\/strong>.<\/p>\n<p class=\"isSelectedEnd\">Segundo informa\u00e7\u00f5es apuradas no local, Jailton seguia como passageiro quando passou mal repentinamente. Ele recebeu atendimento de emerg\u00eancia, mas n\u00e3o resistiu e morreu.<\/p>\n<p class=\"isSelectedEnd\">Relatos de pessoas que estavam no coletivo apontam que a v\u00edtima era moradora da regi\u00e3o do <strong>bairro Santa Marta<\/strong>, em Vit\u00f3ria da Conquista.<\/p>\n<p class=\"isSelectedEnd\">A ocorr\u00eancia chamou a aten\u00e7\u00e3o de pessoas que passavam pela avenida e mobilizou equipes respons\u00e1veis pelo atendimento e pelos procedimentos legais.<\/p>\n<p class=\"isSelectedEnd\">At\u00e9 o momento, <strong>n\u00e3o foi divulgada oficialmente a causa da morte<\/strong>. A confirma\u00e7\u00e3o sobre as circunst\u00e2ncias do \u00f3bito dever\u00e1 ocorrer ap\u00f3s os procedimentos das autoridades competentes.<\/p>\n<p>&nbsp;<\/p>\n","protected":false},"excerpt":{"rendered":"<p>Um homem identificado como Jailton da Paix\u00e3o morreu na manh\u00e3 desta segunda-feira (31) ap\u00f3s sofrer um mal s\u00fabito dentro de um ve\u00edculo do transporte coletivo de Vit\u00f3ria da Conquista, no sudoeste da Bahia. A ocorr\u00eancia foi registrada na movimentada Avenida Ol\u00edvia Flores. Segundo informa\u00e7\u00f5es apuradas no local, Jailton seguia como passageiro quando passou mal repentinamente. [&hellip;]<\/p>\n","protected":false},"author":1,"featured_media":143644,"comment_status":"closed","ping_status":"closed","sticky":false,"template":"","format":"standard","meta":[],"categories":[4],"tags":[],"_links":{"self":[{"href":"http:\/\/blitzconquista.com.br\/index.php?rest_route=\/wp\/v2\/posts\/143642"}],"collection":[{"href":"http:\/\/blitzconquista.com.br\/index.php?rest_route=\/wp\/v2\/posts"}],"about":[{"href":"http:\/\/blitzconquista.com.br\/index.php?rest_route=\/wp\/v2\/types\/post"}],"author":[{"embeddable":true,"href":"http:\/\/blitzconquista.com.br\/index.php?rest_route=\/wp\/v2\/users\/1"}],"replies":[{"embeddable":true,"href":"http:\/\/blitzconquista.com.br\/index.php?rest_route=%2Fwp%2Fv2%2Fcomments&post=143642"}],"version-history":[{"count":3,"href":"http:\/\/blitzconquista.com.br\/index.php?rest_route=\/wp\/v2\/posts\/143642\/revisions"}],"predecessor-version":[{"id":143648,"href":"http:\/\/blitzconquista.com.br\/index.php?rest_route=\/wp\/v2\/posts\/143642\/revisions\/143648"}],"wp:featuredmedia":[{"embeddable":true,"href":"http:\/\/blitzconquista.com.br\/index.php?rest_route=\/wp\/v2\/media\/143644"}],"wp:attachment":[{"href":"http:\/\/blitzconquista.com.br\/index.php?rest_route=%2Fwp%2Fv2%2Fmedia&parent=143642"}],"wp:term":[{"taxonomy":"category","embeddable":true,"href":"http:\/\/blitzconquista.com.br\/index.php?rest_route=%2Fwp%2Fv2%2Fcategories&post=143642"},{"taxonomy":"post_tag","embeddable":true,"href":"http:\/\/blitzconquista.com.br\/index.php?rest_route=%2Fwp%2Fv2%2Ftags&post=143642"}],"curies":[{"name":"wp","href":"https:\/\/api.w.org\/{rel}","templated":true}]}}