{"id":143702,"date":"2026-09-02T11:25:17","date_gmt":"2026-09-02T14:25:17","guid":{"rendered":"https:\/\/blitzconquista.com.br\/?p=143702"},"modified":"2026-09-02T11:25:17","modified_gmt":"2026-09-02T14:25:17","slug":"cidade-de-malhada-de-pedras-ganha-nova-delegacia-territorial-e-novo-pelotao-da-policia-militar","status":"publish","type":"post","link":"http:\/\/blitzconquista.com.br\/?p=143702","title":{"rendered":"Cidade de Malhada de Pedras ganha nova Delegacia Territorial e novo Pelot\u00e3o da Pol\u00edcia Militar"},"content":{"rendered":"<h3 style=\"text-align: center;\">Apoio: Estruturas foram inauguradas nesta ter\u00e7a-feira (1), e refor\u00e7ar\u00e3o o atendimento \u00e0 popula\u00e7\u00e3o, al\u00e9m das a\u00e7\u00f5es de seguran\u00e7a na regi\u00e3o.<\/h3>\n<figure id=\"attachment_143704\" aria-describedby=\"caption-attachment-143704\" style=\"width: 701px\" class=\"wp-caption aligncenter\"><img decoding=\"async\" loading=\"lazy\" class=\" wp-image-143704\" src=\"http:\/\/blitzconquista.com.br\/wp-content\/uploads\/2026\/09\/d6a6c740-0165-43cb-b840-e591df5d8730.jpeg\" alt=\"\" width=\"701\" height=\"526\" srcset=\"http:\/\/blitzconquista.com.br\/wp-content\/uploads\/2026\/09\/d6a6c740-0165-43cb-b840-e591df5d8730.jpeg 1280w, http:\/\/blitzconquista.com.br\/wp-content\/uploads\/2026\/09\/d6a6c740-0165-43cb-b840-e591df5d8730-300x225.jpeg 300w, http:\/\/blitzconquista.com.br\/wp-content\/uploads\/2026\/09\/d6a6c740-0165-43cb-b840-e591df5d8730-695x521.jpeg 695w, http:\/\/blitzconquista.com.br\/wp-content\/uploads\/2026\/09\/d6a6c740-0165-43cb-b840-e591df5d8730-768x576.jpeg 768w, http:\/\/blitzconquista.com.br\/wp-content\/uploads\/2026\/09\/d6a6c740-0165-43cb-b840-e591df5d8730-74x55.jpeg 74w, http:\/\/blitzconquista.com.br\/wp-content\/uploads\/2026\/09\/d6a6c740-0165-43cb-b840-e591df5d8730-111x83.jpeg 111w, http:\/\/blitzconquista.com.br\/wp-content\/uploads\/2026\/09\/d6a6c740-0165-43cb-b840-e591df5d8730-215x161.jpeg 215w, http:\/\/blitzconquista.com.br\/wp-content\/uploads\/2026\/09\/d6a6c740-0165-43cb-b840-e591df5d8730-990x743.jpeg 990w\" sizes=\"(max-width: 701px) 100vw, 701px\" \/><figcaption id=\"caption-attachment-143704\" class=\"wp-caption-text\">Imagens: Fl\u00e1via Vieira\/ Ascom SSP<\/figcaption><\/figure>\n<p>O munic\u00edpio de Malhada de Pedras, no Sudoeste da Bahia, ganhou um importante refor\u00e7o na \u00e1rea da Seguran\u00e7a P\u00fablica com as inaugura\u00e7\u00f5es, na tarde desta ter\u00e7a-feira (1), de uma nova Delegacia Territorial (DT) da Pol\u00edcia Civil e de um novo Pelot\u00e3o da Pol\u00edcia Militar. As estruturas est\u00e3o localizadas na estrada que liga Malhada de Pedras a J\u00e2nio Quadros.<\/p>\n<p>As novas unidades fazem parte das a\u00e7\u00f5es de moderniza\u00e7\u00e3o e amplia\u00e7\u00e3o da estrutura da Seguran\u00e7a P\u00fablica no estado e t\u00eam como objetivo proporcionar melhores condi\u00e7\u00f5es de trabalho aos profissionais das Pol\u00edcias Civil e Militar, al\u00e9m de oferecer um atendimento mais qualificado \u00e0 popula\u00e7\u00e3o.<\/p>\n<p>A nova Delegacia Territorial amplia a estrutura da Pol\u00edcia Civil no munic\u00edpio, fortalecendo o atendimento \u00e0s ocorr\u00eancias e as a\u00e7\u00f5es de investiga\u00e7\u00e3o e combate \u00e0 criminalidade.<\/p>\n<p>O novo Pelot\u00e3o da Pol\u00edcia Militar \u00e9 vinculado ao 24\u00ba Batalh\u00e3o de Pol\u00edcia Militar, com sede em Brumado, e refor\u00e7ar\u00e1 o policiamento ostensivo e preventivo em Malhada de Pedras e na regi\u00e3o.<\/p>\n<p>Com ambientes modernos e adequados \u00e0s atividades policiais, as novas estruturas contribuem para o fortalecimento da atua\u00e7\u00e3o das For\u00e7as da Seguran\u00e7a e para a melhoria dos servi\u00e7os prestados \u00e0 popula\u00e7\u00e3o, ampliando a presen\u00e7a do Estado e a capacidade de resposta \u00e0s demandas de seguran\u00e7a no munic\u00edpio.<\/p>\n","protected":false},"excerpt":{"rendered":"<p>Apoio: Estruturas foram inauguradas nesta ter\u00e7a-feira (1), e refor\u00e7ar\u00e3o o atendimento \u00e0 popula\u00e7\u00e3o, al\u00e9m das a\u00e7\u00f5es de seguran\u00e7a na regi\u00e3o. O munic\u00edpio de Malhada de Pedras, no Sudoeste da Bahia, ganhou um importante refor\u00e7o na \u00e1rea da Seguran\u00e7a P\u00fablica com as inaugura\u00e7\u00f5es, na tarde desta ter\u00e7a-feira (1), de uma nova Delegacia Territorial (DT) da Pol\u00edcia [&hellip;]<\/p>\n","protected":false},"author":1,"featured_media":143704,"comment_status":"closed","ping_status":"closed","sticky":false,"template":"","format":"standard","meta":[],"categories":[3],"tags":[],"_links":{"self":[{"href":"http:\/\/blitzconquista.com.br\/index.php?rest_route=\/wp\/v2\/posts\/143702"}],"collection":[{"href":"http:\/\/blitzconquista.com.br\/index.php?rest_route=\/wp\/v2\/posts"}],"about":[{"href":"http:\/\/blitzconquista.com.br\/index.php?rest_route=\/wp\/v2\/types\/post"}],"author":[{"embeddable":true,"href":"http:\/\/blitzconquista.com.br\/index.php?rest_route=\/wp\/v2\/users\/1"}],"replies":[{"embeddable":true,"href":"http:\/\/blitzconquista.com.br\/index.php?rest_route=%2Fwp%2Fv2%2Fcomments&post=143702"}],"version-history":[{"count":1,"href":"http:\/\/blitzconquista.com.br\/index.php?rest_route=\/wp\/v2\/posts\/143702\/revisions"}],"predecessor-version":[{"id":143705,"href":"http:\/\/blitzconquista.com.br\/index.php?rest_route=\/wp\/v2\/posts\/143702\/revisions\/143705"}],"wp:featuredmedia":[{"embeddable":true,"href":"http:\/\/blitzconquista.com.br\/index.php?rest_route=\/wp\/v2\/media\/143704"}],"wp:attachment":[{"href":"http:\/\/blitzconquista.com.br\/index.php?rest_route=%2Fwp%2Fv2%2Fmedia&parent=143702"}],"wp:term":[{"taxonomy":"category","embeddable":true,"href":"http:\/\/blitzconquista.com.br\/index.php?rest_route=%2Fwp%2Fv2%2Fcategories&post=143702"},{"taxonomy":"post_tag","embeddable":true,"href":"http:\/\/blitzconquista.com.br\/index.php?rest_route=%2Fwp%2Fv2%2Ftags&post=143702"}],"curies":[{"name":"wp","href":"https:\/\/api.w.org\/{rel}","templated":true}]}}