{"id":143710,"date":"2026-09-02T14:56:06","date_gmt":"2026-09-02T17:56:06","guid":{"rendered":"https:\/\/blitzconquista.com.br\/?p=143710"},"modified":"2026-09-02T14:56:06","modified_gmt":"2026-09-02T17:56:06","slug":"policia-civil-finaliza-mobilizacao-nacional-para-coleta-genetica-de-familiares-de-pessoas-desaparecidas","status":"publish","type":"post","link":"http:\/\/blitzconquista.com.br\/?p=143710","title":{"rendered":"Pol\u00edcia Civil finaliza mobiliza\u00e7\u00e3o nacional para coleta gen\u00e9tica de familiares de pessoas desaparecidas"},"content":{"rendered":"<h3 style=\"text-align: center;\">A\u00e7\u00e3o integrada contou com 111 coletas e 89 registros em todo o estado<\/h3>\n<figure id=\"attachment_143712\" aria-describedby=\"caption-attachment-143712\" style=\"width: 1125px\" class=\"wp-caption aligncenter\"><img decoding=\"async\" loading=\"lazy\" class=\"size-full wp-image-143712\" src=\"http:\/\/blitzconquista.com.br\/wp-content\/uploads\/2026\/09\/dbb4e829-5d81-4a68-8a34-096f4927787c.jpeg\" alt=\"\" width=\"1125\" height=\"666\" srcset=\"http:\/\/blitzconquista.com.br\/wp-content\/uploads\/2026\/09\/dbb4e829-5d81-4a68-8a34-096f4927787c.jpeg 1125w, http:\/\/blitzconquista.com.br\/wp-content\/uploads\/2026\/09\/dbb4e829-5d81-4a68-8a34-096f4927787c-300x178.jpeg 300w, http:\/\/blitzconquista.com.br\/wp-content\/uploads\/2026\/09\/dbb4e829-5d81-4a68-8a34-096f4927787c-695x411.jpeg 695w, http:\/\/blitzconquista.com.br\/wp-content\/uploads\/2026\/09\/dbb4e829-5d81-4a68-8a34-096f4927787c-768x455.jpeg 768w, http:\/\/blitzconquista.com.br\/wp-content\/uploads\/2026\/09\/dbb4e829-5d81-4a68-8a34-096f4927787c-990x586.jpeg 990w\" sizes=\"(max-width: 1125px) 100vw, 1125px\" \/><figcaption id=\"caption-attachment-143712\" class=\"wp-caption-text\">Imagem: Divulga\u00e7\u00e3o \/ Ascom-PCBA<\/figcaption><\/figure>\n<p>A Pol\u00edcia Civil da Bahia finalizou, na sexta-feira (28), a mobiliza\u00e7\u00e3o nacional para a busca de pessoas desaparecidas, promovida pelo Minist\u00e9rio da Justi\u00e7a e Seguran\u00e7a P\u00fablica (MJSP). As atividades foram desenvolvidas por meio do registro de ocorr\u00eancias e da coleta de DNA de familiares, em atua\u00e7\u00e3o integrada com o Departamento de Pol\u00edcia T\u00e9cnica (DPT).<\/p>\n<p>Em Salvador, 38 amostras gen\u00e9ticas foram coletadas na sede do DPT, acompanhadas de 24 registros de pessoas desaparecidas na Delegacia M\u00f3vel. Al\u00e9m da capital, o mutir\u00e3o contou com pontos de atendimento distribu\u00eddos em 33 munic\u00edpios do interior baiano, ampliando o alcance da iniciativa e contando com 73 coletas e 65 registros de pessoas desaparecidas. Ao todo, a mobiliza\u00e7\u00e3o no estado alcan\u00e7ou a marca de 111 amostras de DNA coletadas e 89 desaparecidos computados.<\/p>\n<p>Durante a a\u00e7\u00e3o, tamb\u00e9m foram realizadas coletas de impress\u00f5es digitais e de material gen\u00e9tico de pessoas com identidade n\u00e3o confirmada e de corpos n\u00e3o identificados sob cust\u00f3dia do Estado, fortalecendo as possibilidades de cruzamento de dados.<\/p>\n<p>Para a titular da Delegacia de Prote\u00e7\u00e3o \u00e0 Pessoa (DPP), delegada Ana Cristina Carvalho, a mobiliza\u00e7\u00e3o fortalece a esperan\u00e7a das fam\u00edlias. \u201cA coleta do material gen\u00e9tico \u00e9 um passo fundamental no trabalho investigativo. Esse esfor\u00e7o integrado garante mais precis\u00e3o aos cruzamentos de dados no Banco Nacional e traz respostas concretas para quem procura por um ente querido\u201d, ressaltou.<\/p>\n<p>A campanha foi coordenada pela Delegacia de Prote\u00e7\u00e3o \u00e0 Pessoa (DPP), unidade vinculada ao Departamento de Homic\u00eddios e Prote\u00e7\u00e3o \u00e0 Pessoa (DHPP), em parceria com o Departamento de Pol\u00edcia T\u00e9cnica (DPT), respons\u00e1vel pelo processamento do material e pela inser\u00e7\u00e3o dos perfis na Rede Integrada de Bancos de Perfis Gen\u00e9ticos.<\/p>\n<p>Matheus Nogueira \/ Ascom-PCBA<\/p>\n","protected":false},"excerpt":{"rendered":"<p>A\u00e7\u00e3o integrada contou com 111 coletas e 89 registros em todo o estado A Pol\u00edcia Civil da Bahia finalizou, na sexta-feira (28), a mobiliza\u00e7\u00e3o nacional para a busca de pessoas desaparecidas, promovida pelo Minist\u00e9rio da Justi\u00e7a e Seguran\u00e7a P\u00fablica (MJSP). As atividades foram desenvolvidas por meio do registro de ocorr\u00eancias e da coleta de DNA [&hellip;]<\/p>\n","protected":false},"author":1,"featured_media":143712,"comment_status":"closed","ping_status":"closed","sticky":false,"template":"","format":"standard","meta":[],"categories":[3],"tags":[],"_links":{"self":[{"href":"http:\/\/blitzconquista.com.br\/index.php?rest_route=\/wp\/v2\/posts\/143710"}],"collection":[{"href":"http:\/\/blitzconquista.com.br\/index.php?rest_route=\/wp\/v2\/posts"}],"about":[{"href":"http:\/\/blitzconquista.com.br\/index.php?rest_route=\/wp\/v2\/types\/post"}],"author":[{"embeddable":true,"href":"http:\/\/blitzconquista.com.br\/index.php?rest_route=\/wp\/v2\/users\/1"}],"replies":[{"embeddable":true,"href":"http:\/\/blitzconquista.com.br\/index.php?rest_route=%2Fwp%2Fv2%2Fcomments&post=143710"}],"version-history":[{"count":1,"href":"http:\/\/blitzconquista.com.br\/index.php?rest_route=\/wp\/v2\/posts\/143710\/revisions"}],"predecessor-version":[{"id":143713,"href":"http:\/\/blitzconquista.com.br\/index.php?rest_route=\/wp\/v2\/posts\/143710\/revisions\/143713"}],"wp:featuredmedia":[{"embeddable":true,"href":"http:\/\/blitzconquista.com.br\/index.php?rest_route=\/wp\/v2\/media\/143712"}],"wp:attachment":[{"href":"http:\/\/blitzconquista.com.br\/index.php?rest_route=%2Fwp%2Fv2%2Fmedia&parent=143710"}],"wp:term":[{"taxonomy":"category","embeddable":true,"href":"http:\/\/blitzconquista.com.br\/index.php?rest_route=%2Fwp%2Fv2%2Fcategories&post=143710"},{"taxonomy":"post_tag","embeddable":true,"href":"http:\/\/blitzconquista.com.br\/index.php?rest_route=%2Fwp%2Fv2%2Ftags&post=143710"}],"curies":[{"name":"wp","href":"https:\/\/api.w.org\/{rel}","templated":true}]}}