{"id":143724,"date":"2026-09-03T12:05:36","date_gmt":"2026-09-03T15:05:36","guid":{"rendered":"https:\/\/blitzconquista.com.br\/?p=143724"},"modified":"2026-09-03T11:18:41","modified_gmt":"2026-09-03T14:18:41","slug":"torcidas-organizadas-do-bahia-e-vitoria-estao-impedidas-de-comparecer-a-eventos-esportivos-por-seis-meses","status":"publish","type":"post","link":"http:\/\/blitzconquista.com.br\/?p=143724","title":{"rendered":"Torcidas organizadas do Bahia e Vit\u00f3ria est\u00e3o impedidas de comparecer a eventos esportivos por seis meses"},"content":{"rendered":"<div class=\"field field-name-title field-type-ds field-label-hidden\">\n<div class=\"field-items\">\n<div class=\"field-item even\">\n<h3 style=\"text-align: center;\">Regras passam a valer a partir de 3 de setembro e pro\u00edbem o uso de bandeiras, faixas, vestimentas e instrumentos musicais que identifiquem torcedores como membros de torcidas organizadas<\/h3>\n<\/div>\n<\/div>\n<\/div>\n<div class=\"field field-name-body field-type-text-with-summary field-label-hidden\">\n<div class=\"field-items\">\n<div class=\"field-item even\">\n<p><img decoding=\"async\" loading=\"lazy\" class=\"aligncenter size-full wp-image-143726\" src=\"http:\/\/blitzconquista.com.br\/wp-content\/uploads\/2026\/09\/4d1fcba2-3b95-418c-8d6b-2ee458fd282e.png\" alt=\"\" width=\"543\" height=\"724\" srcset=\"http:\/\/blitzconquista.com.br\/wp-content\/uploads\/2026\/09\/4d1fcba2-3b95-418c-8d6b-2ee458fd282e.png 543w, http:\/\/blitzconquista.com.br\/wp-content\/uploads\/2026\/09\/4d1fcba2-3b95-418c-8d6b-2ee458fd282e-225x300.png 225w, http:\/\/blitzconquista.com.br\/wp-content\/uploads\/2026\/09\/4d1fcba2-3b95-418c-8d6b-2ee458fd282e-490x653.png 490w\" sizes=\"(max-width: 543px) 100vw, 543px\" \/><br \/>\nEm alinhamento com o Minist\u00e9rio P\u00fablico do Estado da Bahia (MPBA), a Pol\u00edcia Militar da Bahia (PMBA), por meio do Batalh\u00e3o Especializado de Policiamento de Eventos (Bepe), determinou que as torcidas organizadas Bamor e Os Imbat\u00edveis fiquem impedidas, por seis meses, de comparecer a eventos esportivos portando faixas, bandeiras, cartazes, vestimentas e outros elementos que as identifiquem como torcidas organizadas, al\u00e9m de estar vetada utiliza\u00e7\u00e3o de instrumentos musicais. A medida passa a valer a partir de 3 de setembro e foi adotada ap\u00f3s os epis\u00f3dios de viol\u00eancia registrados no \u00faltimo jogo do Ba-Vi, no dia 23 de agosto. A decis\u00e3o foi formalizada durante reuni\u00e3o realizada na manh\u00e3 desta quarta-feira, 2, na sede do Bepe, com a participa\u00e7\u00e3o da promotora de Justi\u00e7a Thelma Leal, coordenadora do Centro de Apoio Operacional \u00e0s Promotorias de Justi\u00e7a do Consumidor (Ceacon), do comandante do batalh\u00e3o, tenente-coronel Carlos Fl\u00e1vio G\u00f3es Farias e de representantes das duas torcidas organizadas.<\/p>\n<p class=\"rtejustify\">As medidas est\u00e3o respaldadas na Lei Geral do Esporte (Lei n\u00ba 14.597\/2023) e nos Termos de Ajustamento de Conduta (TACs) firmados em 2022 entre o Minist\u00e9rio P\u00fablico da Bahia e torcidas organizadas, que estabeleceram compromissos voltados \u00e0 preven\u00e7\u00e3o e ao combate da viol\u00eancia em eventos esportivos. Os acordos preveem advert\u00eancia e suspens\u00e3o de acesso a eventos esportivos em casos de viol\u00eancia, tumultos ou outras ocorr\u00eancias que comprometam a ordem p\u00fablica.<\/p>\n<p class=\"rtejustify\">A decis\u00e3o, formalizada pelo Bepe, levou em considera\u00e7\u00e3o a reincid\u00eancia dos epis\u00f3dios de viol\u00eancia envolvendo os integrantes das torcidas organizadas. As restri\u00e7\u00f5es ter\u00e3o validade para eventos esportivos de \u00e2mbito estadual, regional, nacional e internacional.<\/p>\n<\/div>\n<\/div>\n<\/div>\n<p>&nbsp;<\/p>\n<p>Fonte: Assessoria de Imprensa &#8211; MPBA<\/p>\n","protected":false},"excerpt":{"rendered":"<p>Regras passam a valer a partir de 3 de setembro e pro\u00edbem o uso de bandeiras, faixas, vestimentas e instrumentos musicais que identifiquem torcedores como membros de torcidas organizadas Em alinhamento com o Minist\u00e9rio P\u00fablico do Estado da Bahia (MPBA), a Pol\u00edcia Militar da Bahia (PMBA), por meio do Batalh\u00e3o Especializado de Policiamento de Eventos [&hellip;]<\/p>\n","protected":false},"author":1,"featured_media":143726,"comment_status":"closed","ping_status":"closed","sticky":false,"template":"","format":"standard","meta":[],"categories":[4,212],"tags":[],"_links":{"self":[{"href":"http:\/\/blitzconquista.com.br\/index.php?rest_route=\/wp\/v2\/posts\/143724"}],"collection":[{"href":"http:\/\/blitzconquista.com.br\/index.php?rest_route=\/wp\/v2\/posts"}],"about":[{"href":"http:\/\/blitzconquista.com.br\/index.php?rest_route=\/wp\/v2\/types\/post"}],"author":[{"embeddable":true,"href":"http:\/\/blitzconquista.com.br\/index.php?rest_route=\/wp\/v2\/users\/1"}],"replies":[{"embeddable":true,"href":"http:\/\/blitzconquista.com.br\/index.php?rest_route=%2Fwp%2Fv2%2Fcomments&post=143724"}],"version-history":[{"count":1,"href":"http:\/\/blitzconquista.com.br\/index.php?rest_route=\/wp\/v2\/posts\/143724\/revisions"}],"predecessor-version":[{"id":143727,"href":"http:\/\/blitzconquista.com.br\/index.php?rest_route=\/wp\/v2\/posts\/143724\/revisions\/143727"}],"wp:featuredmedia":[{"embeddable":true,"href":"http:\/\/blitzconquista.com.br\/index.php?rest_route=\/wp\/v2\/media\/143726"}],"wp:attachment":[{"href":"http:\/\/blitzconquista.com.br\/index.php?rest_route=%2Fwp%2Fv2%2Fmedia&parent=143724"}],"wp:term":[{"taxonomy":"category","embeddable":true,"href":"http:\/\/blitzconquista.com.br\/index.php?rest_route=%2Fwp%2Fv2%2Fcategories&post=143724"},{"taxonomy":"post_tag","embeddable":true,"href":"http:\/\/blitzconquista.com.br\/index.php?rest_route=%2Fwp%2Fv2%2Ftags&post=143724"}],"curies":[{"name":"wp","href":"https:\/\/api.w.org\/{rel}","templated":true}]}}