{"id":143728,"date":"2026-09-03T11:25:58","date_gmt":"2026-09-03T14:25:58","guid":{"rendered":"https:\/\/blitzconquista.com.br\/?p=143728"},"modified":"2026-09-03T11:25:58","modified_gmt":"2026-09-03T14:25:58","slug":"pf-deflagra-operacao-nacional-contra-abuso-sexual-de-criancas-e-adolescentes","status":"publish","type":"post","link":"http:\/\/blitzconquista.com.br\/?p=143728","title":{"rendered":"PF deflagra opera\u00e7\u00e3o nacional contra abuso sexual de crian\u00e7as e adolescentes"},"content":{"rendered":"<div class=\"header-noticia fullwidth\">\n<h3 class=\"resumo-da-noticia fullwidth\" style=\"text-align: center;\">A\u00e7\u00e3o ocorre nas 27 unidades da Federa\u00e7\u00e3o e re\u00fane a Pol\u00edcia Federal e as Pol\u00edcias Civis de 20 estados para combater crimes contra o p\u00fablico infantojuvenil.<\/h3>\n<\/div>\n<div class=\"audio-noticia-container rowflex\">\n<div class=\"info-e-compartilhamento fullwidth rowflex rowflex-full\">\n<div class=\"data-publicacao rowflex\"><\/div>\n<\/div>\n<\/div>\n<div class=\"container-audiodescricao fullwidth\">\n<div class=\"row-nome-programa row-gray rowflex fullwidth\">\n<div class=\"linha\">\n<figure id=\"attachment_143730\" aria-describedby=\"caption-attachment-143730\" style=\"width: 2560px\" class=\"wp-caption aligncenter\"><img decoding=\"async\" loading=\"lazy\" class=\"size-full wp-image-143730\" src=\"http:\/\/blitzconquista.com.br\/wp-content\/uploads\/2026\/09\/medium-shot-woman-with-stop-message-palm-scaled.jpg\" alt=\"\" width=\"2560\" height=\"1660\" srcset=\"http:\/\/blitzconquista.com.br\/wp-content\/uploads\/2026\/09\/medium-shot-woman-with-stop-message-palm-scaled.jpg 2560w, http:\/\/blitzconquista.com.br\/wp-content\/uploads\/2026\/09\/medium-shot-woman-with-stop-message-palm-300x194.jpg 300w, http:\/\/blitzconquista.com.br\/wp-content\/uploads\/2026\/09\/medium-shot-woman-with-stop-message-palm-695x451.jpg 695w, http:\/\/blitzconquista.com.br\/wp-content\/uploads\/2026\/09\/medium-shot-woman-with-stop-message-palm-768x498.jpg 768w, http:\/\/blitzconquista.com.br\/wp-content\/uploads\/2026\/09\/medium-shot-woman-with-stop-message-palm-1536x996.jpg 1536w, http:\/\/blitzconquista.com.br\/wp-content\/uploads\/2026\/09\/medium-shot-woman-with-stop-message-palm-2048x1328.jpg 2048w, http:\/\/blitzconquista.com.br\/wp-content\/uploads\/2026\/09\/medium-shot-woman-with-stop-message-palm-990x642.jpg 990w, http:\/\/blitzconquista.com.br\/wp-content\/uploads\/2026\/09\/medium-shot-woman-with-stop-message-palm-1320x856.jpg 1320w\" sizes=\"(max-width: 2560px) 100vw, 2560px\" \/><figcaption id=\"caption-attachment-143730\" class=\"wp-caption-text\">Imagem: Magnific<\/figcaption><\/figure>\n<\/div>\n<\/div>\n<div class=\"texto-audiodescricao\">\n<p>A Pol\u00edcia Federal deflagrou nesta quarta-feira, dia 2, a Opera\u00e7\u00e3o Nacional Prote\u00e7\u00e3o Integral V, com o objetivo de identificar e responsabilizar suspeitos de abuso sexual contra crian\u00e7as e adolescentes. S\u00e3o cumpridos 153 mandados de busca e apreens\u00e3o e 13 mandados de pris\u00e3o preventiva em todo o pa\u00eds. A opera\u00e7\u00e3o re\u00fane 755 policiais federais e civis.<\/p>\n<p>At\u00e9 o momento, a a\u00e7\u00e3o registrou 37 pris\u00f5es em flagrante, tr\u00eas apreens\u00f5es de menores e o resgate de duas v\u00edtimas de abuso. As investiga\u00e7\u00f5es t\u00eam foco na produ\u00e7\u00e3o, no armazenamento, no compartilhamento e na comercializa\u00e7\u00e3o de material de abuso sexual infantojuvenil. A opera\u00e7\u00e3o d\u00e1 continuidade a a\u00e7\u00f5es nacionais realizadas pela Pol\u00edcia Federal desde 2025.<\/p>\n<p>A Pol\u00edcia Federal tamb\u00e9m orienta pais e respons\u00e1veis a acompanhar as atividades de crian\u00e7as e adolescentes nos ambientes virtual e f\u00edsico. A recomenda\u00e7\u00e3o \u00e9 conversar sobre os riscos de redes sociais, jogos e aplicativos e ficar atento a mudan\u00e7as de comportamento, como isolamento repentino ou segredo no uso de celulares e computadores.<\/p>\n<p>&nbsp;<\/p>\n<p>Fonte: Ag\u00eancia R\u00e1dio Gov<\/p>\n<\/div>\n<\/div>\n","protected":false},"excerpt":{"rendered":"<p>A\u00e7\u00e3o ocorre nas 27 unidades da Federa\u00e7\u00e3o e re\u00fane a Pol\u00edcia Federal e as Pol\u00edcias Civis de 20 estados para combater crimes contra o p\u00fablico infantojuvenil. A Pol\u00edcia Federal deflagrou nesta quarta-feira, dia 2, a Opera\u00e7\u00e3o Nacional Prote\u00e7\u00e3o Integral V, com o objetivo de identificar e responsabilizar suspeitos de abuso sexual contra crian\u00e7as e adolescentes. [&hellip;]<\/p>\n","protected":false},"author":1,"featured_media":143730,"comment_status":"closed","ping_status":"closed","sticky":false,"template":"","format":"standard","meta":[],"categories":[478],"tags":[],"_links":{"self":[{"href":"http:\/\/blitzconquista.com.br\/index.php?rest_route=\/wp\/v2\/posts\/143728"}],"collection":[{"href":"http:\/\/blitzconquista.com.br\/index.php?rest_route=\/wp\/v2\/posts"}],"about":[{"href":"http:\/\/blitzconquista.com.br\/index.php?rest_route=\/wp\/v2\/types\/post"}],"author":[{"embeddable":true,"href":"http:\/\/blitzconquista.com.br\/index.php?rest_route=\/wp\/v2\/users\/1"}],"replies":[{"embeddable":true,"href":"http:\/\/blitzconquista.com.br\/index.php?rest_route=%2Fwp%2Fv2%2Fcomments&post=143728"}],"version-history":[{"count":1,"href":"http:\/\/blitzconquista.com.br\/index.php?rest_route=\/wp\/v2\/posts\/143728\/revisions"}],"predecessor-version":[{"id":143731,"href":"http:\/\/blitzconquista.com.br\/index.php?rest_route=\/wp\/v2\/posts\/143728\/revisions\/143731"}],"wp:featuredmedia":[{"embeddable":true,"href":"http:\/\/blitzconquista.com.br\/index.php?rest_route=\/wp\/v2\/media\/143730"}],"wp:attachment":[{"href":"http:\/\/blitzconquista.com.br\/index.php?rest_route=%2Fwp%2Fv2%2Fmedia&parent=143728"}],"wp:term":[{"taxonomy":"category","embeddable":true,"href":"http:\/\/blitzconquista.com.br\/index.php?rest_route=%2Fwp%2Fv2%2Fcategories&post=143728"},{"taxonomy":"post_tag","embeddable":true,"href":"http:\/\/blitzconquista.com.br\/index.php?rest_route=%2Fwp%2Fv2%2Ftags&post=143728"}],"curies":[{"name":"wp","href":"https:\/\/api.w.org\/{rel}","templated":true}]}}