{"id":143745,"date":"2026-09-04T10:34:45","date_gmt":"2026-09-04T13:34:45","guid":{"rendered":"https:\/\/blitzconquista.com.br\/?p=143745"},"modified":"2026-09-04T10:34:45","modified_gmt":"2026-09-04T13:34:45","slug":"pf-combate-abuso-sexual-infantojuvenil-na-bahia-3","status":"publish","type":"post","link":"http:\/\/blitzconquista.com.br\/?p=143745","title":{"rendered":"PF combate abuso sexual infantojuvenil na Bahia"},"content":{"rendered":"<h3 class=\"documentDescription\" style=\"text-align: center;\">A\u00e7\u00e3o cumpriu mandado de busca e apreens\u00e3o e um de pris\u00e3o tempor\u00e1ria em Formosa do Rio Preto<\/h3>\n<div id=\"viewlet-above-content-body\">\n<div id=\"plone-document-byline\" class=\"documentByLine\">\n<figure id=\"attachment_143747\" aria-describedby=\"caption-attachment-143747\" style=\"width: 469px\" class=\"wp-caption aligncenter\"><img decoding=\"async\" loading=\"lazy\" class=\" wp-image-143747\" src=\"http:\/\/blitzconquista.com.br\/wp-content\/uploads\/2026\/09\/non-explicit-image-child-abuse.jpg\" alt=\"\" width=\"469\" height=\"704\" srcset=\"http:\/\/blitzconquista.com.br\/wp-content\/uploads\/2026\/09\/non-explicit-image-child-abuse.jpg 800w, http:\/\/blitzconquista.com.br\/wp-content\/uploads\/2026\/09\/non-explicit-image-child-abuse-200x300.jpg 200w, http:\/\/blitzconquista.com.br\/wp-content\/uploads\/2026\/09\/non-explicit-image-child-abuse-435x653.jpg 435w, http:\/\/blitzconquista.com.br\/wp-content\/uploads\/2026\/09\/non-explicit-image-child-abuse-768x1152.jpg 768w\" sizes=\"(max-width: 469px) 100vw, 469px\" \/><figcaption id=\"caption-attachment-143747\" class=\"wp-caption-text\">Imagem: Magnific<\/figcaption><\/figure>\n<\/div>\n<\/div>\n<div id=\"content-core\">\n<div id=\"parent-fieldname-text\" class=\"\">\n<div>\n<p dir=\"ltr\"><strong>Barreiras\/BA.<\/strong>\u00a0A Pol\u00edcia Federal deflagrou, nesta quinta-feira (3\/9), a Opera\u00e7\u00e3o Imagem Protegida, no \u00e2mbito de investiga\u00e7\u00e3o que apura crimes de armazenamento, de compartilhamento e de poss\u00edvel produ\u00e7\u00e3o de material de abuso sexual infantojuvenil.<\/p>\n<p dir=\"ltr\">A a\u00e7\u00e3o cumpriu mandado de busca e apreens\u00e3o e de pris\u00e3o tempor\u00e1ria, expedidos pela Justi\u00e7a Federal,\u00a0na cidade de Formosa do Rio Preto\/BA. Durante as dilig\u00eancias, foram encontrados elementos de prova, os quais ser\u00e3o analisados para o esclarecimento dos fatos.<\/p>\n<p dir=\"ltr\">A apura\u00e7\u00e3o teve origem em informa\u00e7\u00f5es que indicaram a exist\u00eancia de arquivos il\u00edcitos e de poss\u00edveis v\u00edtimas ligadas ao c\u00edrculo de conviv\u00eancia do investigado.<\/p>\n<p dir=\"ltr\"><strong>Alerta<\/strong><br \/>\nA Pol\u00edcia Federal refor\u00e7a a import\u00e2ncia da preven\u00e7\u00e3o e orienta pais e respons\u00e1veis a acompanharem o uso da internet por crian\u00e7as e adolescentes, como forma de reduzir riscos e de proteger poss\u00edveis v\u00edtimas. O di\u00e1logo aberto sobre seguran\u00e7a no ambiente digital e a orienta\u00e7\u00e3o para que crian\u00e7as e adolescentes comuniquem situa\u00e7\u00f5es suspeitas tamb\u00e9m s\u00e3o medidas importantes de prote\u00e7\u00e3o.<\/p>\n<p dir=\"ltr\">\n<p dir=\"ltr\">Fonte: Comunica\u00e7\u00e3o Social da Pol\u00edcia Federal na Bahia<\/p>\n<\/div>\n<\/div>\n<\/div>\n","protected":false},"excerpt":{"rendered":"<p>A\u00e7\u00e3o cumpriu mandado de busca e apreens\u00e3o e um de pris\u00e3o tempor\u00e1ria em Formosa do Rio Preto Barreiras\/BA.\u00a0A Pol\u00edcia Federal deflagrou, nesta quinta-feira (3\/9), a Opera\u00e7\u00e3o Imagem Protegida, no \u00e2mbito de investiga\u00e7\u00e3o que apura crimes de armazenamento, de compartilhamento e de poss\u00edvel produ\u00e7\u00e3o de material de abuso sexual infantojuvenil. A a\u00e7\u00e3o cumpriu mandado de busca [&hellip;]<\/p>\n","protected":false},"author":1,"featured_media":143747,"comment_status":"closed","ping_status":"closed","sticky":false,"template":"","format":"standard","meta":[],"categories":[212,3],"tags":[],"_links":{"self":[{"href":"http:\/\/blitzconquista.com.br\/index.php?rest_route=\/wp\/v2\/posts\/143745"}],"collection":[{"href":"http:\/\/blitzconquista.com.br\/index.php?rest_route=\/wp\/v2\/posts"}],"about":[{"href":"http:\/\/blitzconquista.com.br\/index.php?rest_route=\/wp\/v2\/types\/post"}],"author":[{"embeddable":true,"href":"http:\/\/blitzconquista.com.br\/index.php?rest_route=\/wp\/v2\/users\/1"}],"replies":[{"embeddable":true,"href":"http:\/\/blitzconquista.com.br\/index.php?rest_route=%2Fwp%2Fv2%2Fcomments&post=143745"}],"version-history":[{"count":1,"href":"http:\/\/blitzconquista.com.br\/index.php?rest_route=\/wp\/v2\/posts\/143745\/revisions"}],"predecessor-version":[{"id":143748,"href":"http:\/\/blitzconquista.com.br\/index.php?rest_route=\/wp\/v2\/posts\/143745\/revisions\/143748"}],"wp:featuredmedia":[{"embeddable":true,"href":"http:\/\/blitzconquista.com.br\/index.php?rest_route=\/wp\/v2\/media\/143747"}],"wp:attachment":[{"href":"http:\/\/blitzconquista.com.br\/index.php?rest_route=%2Fwp%2Fv2%2Fmedia&parent=143745"}],"wp:term":[{"taxonomy":"category","embeddable":true,"href":"http:\/\/blitzconquista.com.br\/index.php?rest_route=%2Fwp%2Fv2%2Fcategories&post=143745"},{"taxonomy":"post_tag","embeddable":true,"href":"http:\/\/blitzconquista.com.br\/index.php?rest_route=%2Fwp%2Fv2%2Ftags&post=143745"}],"curies":[{"name":"wp","href":"https:\/\/api.w.org\/{rel}","templated":true}]}}