{"id":143754,"date":"2026-09-04T11:18:24","date_gmt":"2026-09-04T14:18:24","guid":{"rendered":"https:\/\/blitzconquista.com.br\/?p=143754"},"modified":"2026-09-04T11:18:24","modified_gmt":"2026-09-04T14:18:24","slug":"policia-militar-recupera-dois-veiculos-com-restricao-de-circulacao-durante-fiscalizacao-em-belo-campo","status":"publish","type":"post","link":"http:\/\/blitzconquista.com.br\/?p=143754","title":{"rendered":"Pol\u00edcia Militar recupera dois ve\u00edculos com restri\u00e7\u00e3o de circula\u00e7\u00e3o durante fiscaliza\u00e7\u00e3o em Belo Campo"},"content":{"rendered":"<h3 class=\"PDq2pG_selectionAnchorContainer\" data-section-id=\"l8kh5l\" data-start=\"0\" data-end=\"105\"><img decoding=\"async\" loading=\"lazy\" class=\"aligncenter  wp-image-143757\" src=\"http:\/\/blitzconquista.com.br\/wp-content\/uploads\/2026\/09\/WhatsApp-Image-2026-09-04-at-07.20.58-1.jpeg\" alt=\"\" width=\"699\" height=\"610\" srcset=\"http:\/\/blitzconquista.com.br\/wp-content\/uploads\/2026\/09\/WhatsApp-Image-2026-09-04-at-07.20.58-1.jpeg 1836w, http:\/\/blitzconquista.com.br\/wp-content\/uploads\/2026\/09\/WhatsApp-Image-2026-09-04-at-07.20.58-1-300x262.jpeg 300w, http:\/\/blitzconquista.com.br\/wp-content\/uploads\/2026\/09\/WhatsApp-Image-2026-09-04-at-07.20.58-1-695x607.jpeg 695w, http:\/\/blitzconquista.com.br\/wp-content\/uploads\/2026\/09\/WhatsApp-Image-2026-09-04-at-07.20.58-1-768x671.jpeg 768w, http:\/\/blitzconquista.com.br\/wp-content\/uploads\/2026\/09\/WhatsApp-Image-2026-09-04-at-07.20.58-1-1536x1342.jpeg 1536w, http:\/\/blitzconquista.com.br\/wp-content\/uploads\/2026\/09\/WhatsApp-Image-2026-09-04-at-07.20.58-1-990x865.jpeg 990w, http:\/\/blitzconquista.com.br\/wp-content\/uploads\/2026\/09\/WhatsApp-Image-2026-09-04-at-07.20.58-1-1320x1153.jpeg 1320w\" sizes=\"(max-width: 699px) 100vw, 699px\" \/><\/h3>\n<p data-start=\"107\" data-end=\"300\">A Pol\u00edcia Militar recuperou dois ve\u00edculos com restri\u00e7\u00e3o de circula\u00e7\u00e3o durante uma fiscaliza\u00e7\u00e3o realizada na madrugada desta quinta-feira (3), na entrada de <strong data-start=\"263\" data-end=\"277\">Belo Campo<\/strong>, no sudoeste da Bahia.<\/p>\n<p data-start=\"302\" data-end=\"604\">Segundo informa\u00e7\u00f5es da <strong data-start=\"325\" data-end=\"385\">80\u00aa Companhia Independente de Pol\u00edcia Militar (80\u00aa CIPM)<\/strong>, a a\u00e7\u00e3o ocorreu por volta das 2h, durante a intensifica\u00e7\u00e3o do policiamento no munic\u00edpio. Uma guarni\u00e7\u00e3o do 3\u00ba Pelot\u00e3o fiscalizou uma carreta utilizada para o transporte de ve\u00edculos, que estava estacionada na <strong data-start=\"593\" data-end=\"603\">BA-263<\/strong>.<\/p>\n<p data-start=\"606\" data-end=\"857\">Durante a consulta dos autom\u00f3veis transportados, realizada por meio do aplicativo <strong data-start=\"688\" data-end=\"700\">SENATRAN<\/strong>, os policiais identificaram dois ve\u00edculos com restri\u00e7\u00e3o de circula\u00e7\u00e3o: um <strong data-start=\"775\" data-end=\"808\">Honda Civic LXS, de cor prata<\/strong>, e um <strong data-start=\"815\" data-end=\"856\">Chevrolet Celta 1.0L LS, de cor preta<\/strong>.<\/p>\n<p data-start=\"859\" data-end=\"1104\">Diante da constata\u00e7\u00e3o, o condutor da carreta foi informado sobre as irregularidades. Os dois ve\u00edculos foram desembarcados e retidos no p\u00e1tio do <strong data-start=\"1003\" data-end=\"1024\">DPM de Belo Campo<\/strong>, onde permaneceram para a ado\u00e7\u00e3o das medidas administrativas e legais cab\u00edveis.<\/p>\n<p data-start=\"1106\" data-end=\"1258\" data-is-last-node=\"\" data-is-only-node=\"\">Ap\u00f3s a identifica\u00e7\u00e3o dos envolvidos, o motorista da carreta e uma testemunha foram liberados para prosseguirem viagem. Os ve\u00edculos permaneceram retidos.<\/p>\n<p data-start=\"1106\" data-end=\"1258\" data-is-last-node=\"\" data-is-only-node=\"\">\n<p data-start=\"1106\" data-end=\"1258\" data-is-last-node=\"\" data-is-only-node=\"\">Fonte: Ascom &#8211; 80\u00aa CIPM<\/p>\n","protected":false},"excerpt":{"rendered":"<p>A Pol\u00edcia Militar recuperou dois ve\u00edculos com restri\u00e7\u00e3o de circula\u00e7\u00e3o durante uma fiscaliza\u00e7\u00e3o realizada na madrugada desta quinta-feira (3), na entrada de Belo Campo, no sudoeste da Bahia. Segundo informa\u00e7\u00f5es da 80\u00aa Companhia Independente de Pol\u00edcia Militar (80\u00aa CIPM), a a\u00e7\u00e3o ocorreu por volta das 2h, durante a intensifica\u00e7\u00e3o do policiamento no munic\u00edpio. Uma guarni\u00e7\u00e3o [&hellip;]<\/p>\n","protected":false},"author":1,"featured_media":143757,"comment_status":"closed","ping_status":"closed","sticky":false,"template":"","format":"standard","meta":[],"categories":[3],"tags":[],"_links":{"self":[{"href":"http:\/\/blitzconquista.com.br\/index.php?rest_route=\/wp\/v2\/posts\/143754"}],"collection":[{"href":"http:\/\/blitzconquista.com.br\/index.php?rest_route=\/wp\/v2\/posts"}],"about":[{"href":"http:\/\/blitzconquista.com.br\/index.php?rest_route=\/wp\/v2\/types\/post"}],"author":[{"embeddable":true,"href":"http:\/\/blitzconquista.com.br\/index.php?rest_route=\/wp\/v2\/users\/1"}],"replies":[{"embeddable":true,"href":"http:\/\/blitzconquista.com.br\/index.php?rest_route=%2Fwp%2Fv2%2Fcomments&post=143754"}],"version-history":[{"count":1,"href":"http:\/\/blitzconquista.com.br\/index.php?rest_route=\/wp\/v2\/posts\/143754\/revisions"}],"predecessor-version":[{"id":143758,"href":"http:\/\/blitzconquista.com.br\/index.php?rest_route=\/wp\/v2\/posts\/143754\/revisions\/143758"}],"wp:featuredmedia":[{"embeddable":true,"href":"http:\/\/blitzconquista.com.br\/index.php?rest_route=\/wp\/v2\/media\/143757"}],"wp:attachment":[{"href":"http:\/\/blitzconquista.com.br\/index.php?rest_route=%2Fwp%2Fv2%2Fmedia&parent=143754"}],"wp:term":[{"taxonomy":"category","embeddable":true,"href":"http:\/\/blitzconquista.com.br\/index.php?rest_route=%2Fwp%2Fv2%2Fcategories&post=143754"},{"taxonomy":"post_tag","embeddable":true,"href":"http:\/\/blitzconquista.com.br\/index.php?rest_route=%2Fwp%2Fv2%2Ftags&post=143754"}],"curies":[{"name":"wp","href":"https:\/\/api.w.org\/{rel}","templated":true}]}}