{"id":143772,"date":"2026-09-05T20:52:37","date_gmt":"2026-09-05T23:52:37","guid":{"rendered":"https:\/\/blitzconquista.com.br\/?p=143772"},"modified":"2026-09-05T20:52:37","modified_gmt":"2026-09-05T23:52:37","slug":"livro-no-tempo-do-absurdo-sera-lancado-nesta-sexta-feira-11-em-vitoria-da-conquista","status":"publish","type":"post","link":"http:\/\/blitzconquista.com.br\/?p=143772","title":{"rendered":"Livro \u201cNo Tempo do Absurdo\u201d ser\u00e1 lan\u00e7ado nesta sexta-feira (11) em Vit\u00f3ria da Conquista"},"content":{"rendered":"<h2 class=\"PDq2pG_selectionAnchorContainer\" data-section-id=\"1ebubjk\" data-start=\"0\" data-end=\"85\"><img decoding=\"async\" loading=\"lazy\" class=\"aligncenter size-full wp-image-143774\" src=\"http:\/\/blitzconquista.com.br\/wp-content\/uploads\/2026\/09\/WhatsApp-Image-2026-09-05-at-15.57.00.jpeg\" alt=\"\" width=\"1536\" height=\"1024\" srcset=\"http:\/\/blitzconquista.com.br\/wp-content\/uploads\/2026\/09\/WhatsApp-Image-2026-09-05-at-15.57.00.jpeg 1536w, http:\/\/blitzconquista.com.br\/wp-content\/uploads\/2026\/09\/WhatsApp-Image-2026-09-05-at-15.57.00-300x200.jpeg 300w, http:\/\/blitzconquista.com.br\/wp-content\/uploads\/2026\/09\/WhatsApp-Image-2026-09-05-at-15.57.00-695x463.jpeg 695w, http:\/\/blitzconquista.com.br\/wp-content\/uploads\/2026\/09\/WhatsApp-Image-2026-09-05-at-15.57.00-768x512.jpeg 768w, http:\/\/blitzconquista.com.br\/wp-content\/uploads\/2026\/09\/WhatsApp-Image-2026-09-05-at-15.57.00-414x276.jpeg 414w, http:\/\/blitzconquista.com.br\/wp-content\/uploads\/2026\/09\/WhatsApp-Image-2026-09-05-at-15.57.00-470x313.jpeg 470w, http:\/\/blitzconquista.com.br\/wp-content\/uploads\/2026\/09\/WhatsApp-Image-2026-09-05-at-15.57.00-640x426.jpeg 640w, http:\/\/blitzconquista.com.br\/wp-content\/uploads\/2026\/09\/WhatsApp-Image-2026-09-05-at-15.57.00-130x86.jpeg 130w, http:\/\/blitzconquista.com.br\/wp-content\/uploads\/2026\/09\/WhatsApp-Image-2026-09-05-at-15.57.00-187x124.jpeg 187w, http:\/\/blitzconquista.com.br\/wp-content\/uploads\/2026\/09\/WhatsApp-Image-2026-09-05-at-15.57.00-990x660.jpeg 990w, http:\/\/blitzconquista.com.br\/wp-content\/uploads\/2026\/09\/WhatsApp-Image-2026-09-05-at-15.57.00-1320x880.jpeg 1320w\" sizes=\"(max-width: 1536px) 100vw, 1536px\" \/><\/h2>\n<p data-start=\"87\" data-end=\"272\">O livro <strong data-start=\"95\" data-end=\"160\">\u201cNo Tempo do Absurdo \u2014 sa\u00fade coletiva e educa\u00e7\u00e3o na distopia\u201d<\/strong>, de <strong data-start=\"165\" data-end=\"187\">Luis Rog\u00e9rio Cosme<\/strong>, ser\u00e1 lan\u00e7ado nesta sexta-feira (11), em Vit\u00f3ria da Conquista, no sudoeste da Bahia.<\/p>\n<p data-start=\"274\" data-end=\"416\">O evento est\u00e1 marcado para as <strong data-start=\"304\" data-end=\"313\">18h30<\/strong>, no <strong data-start=\"318\" data-end=\"334\">Jardins Caf\u00e9<\/strong>, localizado na Avenida Oscar Silva, n\u00ba 1, na lateral com a Avenida Ol\u00edvia Flores.<\/p>\n<p data-start=\"418\" data-end=\"723\">A obra prop\u00f5e uma reflex\u00e3o sobre <strong data-start=\"451\" data-end=\"507\">sa\u00fade coletiva e educa\u00e7\u00e3o em um contexto de distopia<\/strong>, tendo como eixo a discuss\u00e3o apresentada pelo autor ao longo do livro. O lan\u00e7amento ser\u00e1 uma oportunidade para o p\u00fablico conhecer a publica\u00e7\u00e3o e participar de um momento dedicado \u00e0 palavra, \u00e0 reflex\u00e3o e \u00e0 esperan\u00e7a.<\/p>\n<p data-start=\"725\" data-end=\"861\">O material de divulga\u00e7\u00e3o destaca ainda que a obra est\u00e1 vinculada ao projeto <strong data-start=\"801\" data-end=\"817\">Mente Aberta<\/strong>, apresentado na identidade visual do livro.<\/p>\n<h3 data-section-id=\"16ob2mt\" data-start=\"863\" data-end=\"874\"><\/h3>\n<h3 data-section-id=\"16ob2mt\" data-start=\"863\" data-end=\"874\">Servi\u00e7o<\/h3>\n<p data-start=\"876\" data-end=\"1178\" data-is-last-node=\"\" data-is-only-node=\"\"><strong data-start=\"876\" data-end=\"900\">Lan\u00e7amento do livro:<\/strong> <em data-start=\"901\" data-end=\"962\">No Tempo do Absurdo \u2014 sa\u00fade coletiva e educa\u00e7\u00e3o na distopia<\/em><br data-start=\"962\" data-end=\"965\" \/><strong data-start=\"965\" data-end=\"975\">Autor:<\/strong> Luis Rog\u00e9rio Cosme<br data-start=\"994\" data-end=\"997\" \/><strong data-start=\"997\" data-end=\"1006\">Data:<\/strong> 11 de setembro de 2026 (sexta-feira)<br data-start=\"1043\" data-end=\"1046\" \/><strong data-start=\"1046\" data-end=\"1058\">Hor\u00e1rio:<\/strong> 18h30<br data-start=\"1064\" data-end=\"1067\" \/><strong data-start=\"1067\" data-end=\"1077\">Local:<\/strong> Jardins Caf\u00e9 \u2014 Avenida Oscar Silva, n\u00ba 1, lateral com a Avenida Ol\u00edvia Flores, Vit\u00f3ria da Conquista.<\/p>\n","protected":false},"excerpt":{"rendered":"<p>O livro \u201cNo Tempo do Absurdo \u2014 sa\u00fade coletiva e educa\u00e7\u00e3o na distopia\u201d, de Luis Rog\u00e9rio Cosme, ser\u00e1 lan\u00e7ado nesta sexta-feira (11), em Vit\u00f3ria da Conquista, no sudoeste da Bahia. O evento est\u00e1 marcado para as 18h30, no Jardins Caf\u00e9, localizado na Avenida Oscar Silva, n\u00ba 1, na lateral com a Avenida Ol\u00edvia Flores. A [&hellip;]<\/p>\n","protected":false},"author":1,"featured_media":143774,"comment_status":"closed","ping_status":"closed","sticky":false,"template":"","format":"standard","meta":[],"categories":[4,212],"tags":[],"_links":{"self":[{"href":"http:\/\/blitzconquista.com.br\/index.php?rest_route=\/wp\/v2\/posts\/143772"}],"collection":[{"href":"http:\/\/blitzconquista.com.br\/index.php?rest_route=\/wp\/v2\/posts"}],"about":[{"href":"http:\/\/blitzconquista.com.br\/index.php?rest_route=\/wp\/v2\/types\/post"}],"author":[{"embeddable":true,"href":"http:\/\/blitzconquista.com.br\/index.php?rest_route=\/wp\/v2\/users\/1"}],"replies":[{"embeddable":true,"href":"http:\/\/blitzconquista.com.br\/index.php?rest_route=%2Fwp%2Fv2%2Fcomments&post=143772"}],"version-history":[{"count":1,"href":"http:\/\/blitzconquista.com.br\/index.php?rest_route=\/wp\/v2\/posts\/143772\/revisions"}],"predecessor-version":[{"id":143775,"href":"http:\/\/blitzconquista.com.br\/index.php?rest_route=\/wp\/v2\/posts\/143772\/revisions\/143775"}],"wp:featuredmedia":[{"embeddable":true,"href":"http:\/\/blitzconquista.com.br\/index.php?rest_route=\/wp\/v2\/media\/143774"}],"wp:attachment":[{"href":"http:\/\/blitzconquista.com.br\/index.php?rest_route=%2Fwp%2Fv2%2Fmedia&parent=143772"}],"wp:term":[{"taxonomy":"category","embeddable":true,"href":"http:\/\/blitzconquista.com.br\/index.php?rest_route=%2Fwp%2Fv2%2Fcategories&post=143772"},{"taxonomy":"post_tag","embeddable":true,"href":"http:\/\/blitzconquista.com.br\/index.php?rest_route=%2Fwp%2Fv2%2Ftags&post=143772"}],"curies":[{"name":"wp","href":"https:\/\/api.w.org\/{rel}","templated":true}]}}