{"id":143784,"date":"2026-09-05T21:29:09","date_gmt":"2026-09-06T00:29:09","guid":{"rendered":"https:\/\/blitzconquista.com.br\/?p=143784"},"modified":"2026-09-05T21:29:09","modified_gmt":"2026-09-06T00:29:09","slug":"lideranca-criminosa-da-bahia-e-presa-no-rio-de-janeiro-durante-acao-integrada","status":"publish","type":"post","link":"http:\/\/blitzconquista.com.br\/?p=143784","title":{"rendered":"Lideran\u00e7a criminosa da Bahia \u00e9 presa no Rio de Janeiro durante a\u00e7\u00e3o integrada"},"content":{"rendered":"<h3 style=\"text-align: center;\">Homem \u00e9 investigado por homic\u00eddios ocorridos na regi\u00e3o de Cajazeiras e j\u00e1 responde por crimes de tr\u00e1fico de drogas, roubo e recepta\u00e7\u00e3o<\/h3>\n<figure id=\"attachment_143786\" aria-describedby=\"caption-attachment-143786\" style=\"width: 691px\" class=\"wp-caption aligncenter\"><img decoding=\"async\" loading=\"lazy\" class=\"wp-image-143786 size-full\" src=\"http:\/\/blitzconquista.com.br\/wp-content\/uploads\/2026\/09\/Prisao.jpg\" alt=\"\" width=\"691\" height=\"392\" srcset=\"http:\/\/blitzconquista.com.br\/wp-content\/uploads\/2026\/09\/Prisao.jpg 691w, http:\/\/blitzconquista.com.br\/wp-content\/uploads\/2026\/09\/Prisao-300x170.jpg 300w\" sizes=\"(max-width: 691px) 100vw, 691px\" \/><figcaption id=\"caption-attachment-143786\" class=\"wp-caption-text\">Imagens: Divulga\u00e7\u00e3o\/Ascom-PC<\/figcaption><\/figure>\n<p>Uma a\u00e7\u00e3o integrada entre as Pol\u00edcias Civis da Bahia e do Rio de Janeiro, com o apoio da Pol\u00edcia Rodovi\u00e1ria Federal (PRF\/RJ), resultou na pris\u00e3o de um homem apontado como lideran\u00e7a criminosa na regi\u00e3o de Cajazeiras, em Salvador. Investigado pela morte de Gustavo Barbosa dos Santos, de 17 anos, e por duas tentativas de homic\u00eddio, ele foi localizado na Rodovia Presidente Dutra, na altura da Serra das Araras, no Rio de Janeiro, na tarde desta sexta-feira (4), no \u00e2mbito da Opera\u00e7\u00e3o No Brown.<\/p>\n<p>Contra o suspeito havia um mandado de pris\u00e3o tempor\u00e1ria em aberto, expedido pelo 1\u00ba Ju\u00edzo da 1\u00aa Vara do Tribunal do J\u00fari da Comarca de Salvador. Investiga\u00e7\u00f5es realizadas pela 2\u00aa Delegacia de Homic\u00eddios (2\u00aa DH\/Central) apontam que o crime ocorreu no dia 4 de julho deste ano, Cajazeiras IV, quando o carro em que Gustavo estava, junto com o pai, de 53 anos, e um amigo, de 19 anos, foi atingido por disparos de arma de fogo efetuados por ocupantes de outro ve\u00edculo.<\/p>\n<p>As apura\u00e7\u00f5es apontam tamb\u00e9m que o homem, que j\u00e1 responde por recepta\u00e7\u00e3o, roubo, tr\u00e1fico de drogas e homic\u00eddio, atuava como agente central em uma disputa territorial na capital baiana. Segundo as investiga\u00e7\u00f5es, ele rompeu com a organiza\u00e7\u00e3o criminosa de origem para integrar um grupo rival, dando in\u00edcio a uma escalada de confrontos armados na regi\u00e3o de Cajazeiras.<\/p>\n<p>Com o suspeito, foram apreendidos o ve\u00edculo que ele conduzia e diversos aparelhos celulares. O homem e o material apreendido foram apresentados na Cidade da Pol\u00edcia, na capital fluminense. A a\u00e7\u00e3o contou com a atua\u00e7\u00e3o de equipes da 2\u00aa Delegacia de Homic\u00eddios (2\u00aa DH\/Central) e da Coordena\u00e7\u00e3o de Opera\u00e7\u00f5es e Intelig\u00eancia (COI) do Departamento de Homic\u00eddios e Prote\u00e7\u00e3o \u00e0 Pessoa (DHPP), al\u00e9m de equipes da Delegacia de Repress\u00e3o \u00e0s A\u00e7\u00f5es Criminosas Organizadas e Inqu\u00e9ritos Especiais (DRACO\/PCRJ) e da Pol\u00edcia Rodovi\u00e1ria Federal (PRF\/RJ).<\/p>\n<p><strong>Salvador<\/strong><\/p>\n<p>Um mandado de busca e apreens\u00e3o domiciliar tamb\u00e9m foi cumprido em um endere\u00e7o na capital baiana, onde policiais do DHPP localizaram uma pistola calibre 9 mm, dois carregadores e 33 muni\u00e7\u00f5es.<\/p>\n<p>Equipes da Coordena\u00e7\u00e3o de Opera\u00e7\u00f5es e Intelig\u00eancia, da 1\u00aa DH\/Atl\u00e2ntico, da 2\u00aa DH\/Central, da 3\u00aa DH\/BTS, da Delegacia de Homic\u00eddios M\u00faltiplos (DHM) e do Grupo de Capturas (GCAP\/NIC) seguem em campo em Salvador, realizando dilig\u00eancias cont\u00ednuas para o cumprimento de outros mandados relacionados \u00e0 atua\u00e7\u00e3o do grupo criminoso, investigado por diversos homic\u00eddios ocorridos na regi\u00e3o de Cajazeiras.<\/p>\n<p>Outros dois envolvidos na morte de Gustavo Barbosa dos Santos j\u00e1 foram identificados e est\u00e3o sendo procurados.<\/p>\n<p>Priscila Carvalho \/ Ascom-PCBA<\/p>\n","protected":false},"excerpt":{"rendered":"<p>Homem \u00e9 investigado por homic\u00eddios ocorridos na regi\u00e3o de Cajazeiras e j\u00e1 responde por crimes de tr\u00e1fico de drogas, roubo e recepta\u00e7\u00e3o Uma a\u00e7\u00e3o integrada entre as Pol\u00edcias Civis da Bahia e do Rio de Janeiro, com o apoio da Pol\u00edcia Rodovi\u00e1ria Federal (PRF\/RJ), resultou na pris\u00e3o de um homem apontado como lideran\u00e7a criminosa na [&hellip;]<\/p>\n","protected":false},"author":1,"featured_media":143786,"comment_status":"closed","ping_status":"closed","sticky":false,"template":"","format":"standard","meta":[],"categories":[212,3],"tags":[],"_links":{"self":[{"href":"http:\/\/blitzconquista.com.br\/index.php?rest_route=\/wp\/v2\/posts\/143784"}],"collection":[{"href":"http:\/\/blitzconquista.com.br\/index.php?rest_route=\/wp\/v2\/posts"}],"about":[{"href":"http:\/\/blitzconquista.com.br\/index.php?rest_route=\/wp\/v2\/types\/post"}],"author":[{"embeddable":true,"href":"http:\/\/blitzconquista.com.br\/index.php?rest_route=\/wp\/v2\/users\/1"}],"replies":[{"embeddable":true,"href":"http:\/\/blitzconquista.com.br\/index.php?rest_route=%2Fwp%2Fv2%2Fcomments&post=143784"}],"version-history":[{"count":1,"href":"http:\/\/blitzconquista.com.br\/index.php?rest_route=\/wp\/v2\/posts\/143784\/revisions"}],"predecessor-version":[{"id":143787,"href":"http:\/\/blitzconquista.com.br\/index.php?rest_route=\/wp\/v2\/posts\/143784\/revisions\/143787"}],"wp:featuredmedia":[{"embeddable":true,"href":"http:\/\/blitzconquista.com.br\/index.php?rest_route=\/wp\/v2\/media\/143786"}],"wp:attachment":[{"href":"http:\/\/blitzconquista.com.br\/index.php?rest_route=%2Fwp%2Fv2%2Fmedia&parent=143784"}],"wp:term":[{"taxonomy":"category","embeddable":true,"href":"http:\/\/blitzconquista.com.br\/index.php?rest_route=%2Fwp%2Fv2%2Fcategories&post=143784"},{"taxonomy":"post_tag","embeddable":true,"href":"http:\/\/blitzconquista.com.br\/index.php?rest_route=%2Fwp%2Fv2%2Ftags&post=143784"}],"curies":[{"name":"wp","href":"https:\/\/api.w.org\/{rel}","templated":true}]}}