{"id":22437,"date":"2014-04-02T20:52:13","date_gmt":"2014-04-02T23:52:13","guid":{"rendered":"http:\/\/blitzconquista.com.br\/?p=22437"},"modified":"2014-04-02T20:52:13","modified_gmt":"2014-04-02T23:52:13","slug":"wilson-feitosa-volta-ao-foco-lucia-rocha-acusa-ex-delegado-de-dar-sumico-em-seu-pai-e-cobra-justica","status":"publish","type":"post","link":"http:\/\/blitzconquista.com.br\/?p=22437","title":{"rendered":"Wilson Feitosa volta ao foco: L\u00facia Rocha acusa ex delegado de dar sumi\u00e7o em seu pai e cobra justi\u00e7a"},"content":{"rendered":"<p>A vereadora L\u00facia Rocha fez um discursos emocionado \u2013 interrompido, muitas vezes, por n\u00e3o conseguir conter as l\u00e1grimas \u2013 na sess\u00e3o especial que discutiu, na manh\u00e3 desta quarta-feira (2) os 50 anos do golpe pol\u00edtico que implantou a Ditadura Militar no Brasil. Ela lembrou que este ano completa 25 anos de desaparecimento de seu pai e de seu tio, fato ocorrido em 12 de janeiro de 1989, quando o \u201cditador\u201d delegado regional Wilson Feitosa de Brito, \u201cjunto com seus algozes\u201d, efetuou a pris\u00e3o. Eles jamais seriam vistos novamente. \u201cDesaparecerem. Foram Algemados. Os X-9 memexeram os m\u00f3veis, amea\u00e7ando de morte inclusive crian\u00e7as\u201d, recorda a veraedora.<\/p>\n<p><center><iframe loading=\"lazy\" src=\"https:\/\/w.soundcloud.com\/player\/?url=https%3A\/\/api.soundcloud.com\/tracks\/142707761&amp;auto_play=false&amp;hide_related=false&amp;visual=true\" width=\"407\" height=\"227\" frameborder=\"no\" scrolling=\"no\"><\/iframe><\/center>A fam\u00edlia constitui advogado e conseguiu alvar\u00e1 de soltura. Foram \u00e0 delegacia. Era s\u00e1bado. Os agentes alegaram que, por ser final de semana, somente seriam atendidos na segunda-feira subsequente. No dia marcado L\u00facia Rocha chegou cedo \u00e0 delegacia, mas foi informada que os presos haviam desaparecido. \u201cCinicamente\u201d. A uma emissora de r\u00e1dio, o delegado Wilson Feitosa informou que os presos teriam escapado por uma grade, o que, segundo a vereadora, seria imposs\u00edvel: corpulento, seu pai n\u00e3o poderia atravessar uma cela pela qual passavam, no m\u00e1ximo, um copo d\u2019\u00e1gua.-\u201cEu sei que o senhor matou meu pai, e quero ter a dignidade de enterrar\u201d, disse L\u00facia.<br \/>\n&#8211; \u201cOlha, bandida, se voc\u00ea n\u00e3o parar de cobrar, vou acabar com rua ra\u00e7a\u201d, afirmou Wilson Feitosa.<br \/>\n<em>*Blog do F\u00e1bio Sena<\/em><\/p>\n","protected":false},"excerpt":{"rendered":"<p>A vereadora L\u00facia Rocha fez um discursos emocionado \u2013 interrompido, muitas vezes, por n\u00e3o conseguir conter as l\u00e1grimas \u2013 na sess\u00e3o especial que discutiu, na manh\u00e3 desta quarta-feira (2) os 50 anos do golpe pol\u00edtico que implantou a Ditadura Militar no Brasil. Ela lembrou que este ano completa 25 anos de desaparecimento de seu pai [&hellip;]<\/p>\n","protected":false},"author":1,"featured_media":22439,"comment_status":"open","ping_status":"open","sticky":false,"template":"","format":"standard","meta":[],"categories":[5],"tags":[],"_links":{"self":[{"href":"http:\/\/blitzconquista.com.br\/index.php?rest_route=\/wp\/v2\/posts\/22437"}],"collection":[{"href":"http:\/\/blitzconquista.com.br\/index.php?rest_route=\/wp\/v2\/posts"}],"about":[{"href":"http:\/\/blitzconquista.com.br\/index.php?rest_route=\/wp\/v2\/types\/post"}],"author":[{"embeddable":true,"href":"http:\/\/blitzconquista.com.br\/index.php?rest_route=\/wp\/v2\/users\/1"}],"replies":[{"embeddable":true,"href":"http:\/\/blitzconquista.com.br\/index.php?rest_route=%2Fwp%2Fv2%2Fcomments&post=22437"}],"version-history":[{"count":0,"href":"http:\/\/blitzconquista.com.br\/index.php?rest_route=\/wp\/v2\/posts\/22437\/revisions"}],"wp:featuredmedia":[{"embeddable":true,"href":"http:\/\/blitzconquista.com.br\/index.php?rest_route=\/"}],"wp:attachment":[{"href":"http:\/\/blitzconquista.com.br\/index.php?rest_route=%2Fwp%2Fv2%2Fmedia&parent=22437"}],"wp:term":[{"taxonomy":"category","embeddable":true,"href":"http:\/\/blitzconquista.com.br\/index.php?rest_route=%2Fwp%2Fv2%2Fcategories&post=22437"},{"taxonomy":"post_tag","embeddable":true,"href":"http:\/\/blitzconquista.com.br\/index.php?rest_route=%2Fwp%2Fv2%2Ftags&post=22437"}],"curies":[{"name":"wp","href":"https:\/\/api.w.org\/{rel}","templated":true}]}}