{"id":22470,"date":"2014-04-02T23:33:25","date_gmt":"2014-04-03T02:33:25","guid":{"rendered":"http:\/\/blitzconquista.com.br\/?p=22470"},"modified":"2014-04-02T23:33:25","modified_gmt":"2014-04-03T02:33:25","slug":"camara-federal-aprova-criacao-de-dia-da-verdade-sobre-violacoes-de-direitos-humanos","status":"publish","type":"post","link":"http:\/\/blitzconquista.com.br\/?p=22470","title":{"rendered":"C\u00e2mara federal aprova cria\u00e7\u00e3o de Dia da Verdade sobre viola\u00e7\u00f5es de direitos humanos"},"content":{"rendered":"<p>A Comiss\u00e3o de Constitui\u00e7\u00e3o e Justi\u00e7a e de Cidadania (CCJ) da C\u00e2mara dos Deputados aprovou nesta ter\u00e7a-feira (1\u00ba), em car\u00e1ter conclusivo, o projeto que institui o Dia Internacional do Direito \u00e0 Verdade sobre Graves Viola\u00e7\u00f5es aos Direitos Humanos e da Dignidade das V\u00edtimas, a ser celebrado em 24 de mar\u00e7o. O Projeto de Lei 4903\/12 \u00e9 de autoria da deputada federal Luiz Erundina (PSB-SP) com outros parlamentares. Agora, o texto segue para o Senado, exceto se houver recurso para que seja examinado pelo Plen\u00e1rio da C\u00e2mara. Segundo a autora, o 24 de mar\u00e7o pode contribuir para uma reflex\u00e3o da sociedade sobre um tema \u201cacima de partidos\u201d, que s\u00e3o os direitos humanos. Em 2010, a Assembleia Geral das Na\u00e7\u00f5es Unidas (ONU) proclamou o 24 de mar\u00e7o como Dia da Verdade. \u201c\u00c9 a data de assassinato do bispo Dom Oscar Romero, em El Salvador, que combatia o regime autorit\u00e1rio de seu pa\u00eds. Ele foi assassinado quando celebrava a missa no altar. A assembleia definiu a data em homenagem \u00e0 figura dele\u201d, explicou Erundina.<br \/>\n<em>*Informa\u00e7\u00f5es da Ag\u00eancia C\u00e2mara.<\/em><\/p>\n","protected":false},"excerpt":{"rendered":"<p>A Comiss\u00e3o de Constitui\u00e7\u00e3o e Justi\u00e7a e de Cidadania (CCJ) da C\u00e2mara dos Deputados aprovou nesta ter\u00e7a-feira (1\u00ba), em car\u00e1ter conclusivo, o projeto que institui o Dia Internacional do Direito \u00e0 Verdade sobre Graves Viola\u00e7\u00f5es aos Direitos Humanos e da Dignidade das V\u00edtimas, a ser celebrado em 24 de mar\u00e7o. O Projeto de Lei 4903\/12 [&hellip;]<\/p>\n","protected":false},"author":1,"featured_media":22471,"comment_status":"open","ping_status":"open","sticky":false,"template":"","format":"standard","meta":[],"categories":[5],"tags":[],"_links":{"self":[{"href":"http:\/\/blitzconquista.com.br\/index.php?rest_route=\/wp\/v2\/posts\/22470"}],"collection":[{"href":"http:\/\/blitzconquista.com.br\/index.php?rest_route=\/wp\/v2\/posts"}],"about":[{"href":"http:\/\/blitzconquista.com.br\/index.php?rest_route=\/wp\/v2\/types\/post"}],"author":[{"embeddable":true,"href":"http:\/\/blitzconquista.com.br\/index.php?rest_route=\/wp\/v2\/users\/1"}],"replies":[{"embeddable":true,"href":"http:\/\/blitzconquista.com.br\/index.php?rest_route=%2Fwp%2Fv2%2Fcomments&post=22470"}],"version-history":[{"count":0,"href":"http:\/\/blitzconquista.com.br\/index.php?rest_route=\/wp\/v2\/posts\/22470\/revisions"}],"wp:featuredmedia":[{"embeddable":true,"href":"http:\/\/blitzconquista.com.br\/index.php?rest_route=\/"}],"wp:attachment":[{"href":"http:\/\/blitzconquista.com.br\/index.php?rest_route=%2Fwp%2Fv2%2Fmedia&parent=22470"}],"wp:term":[{"taxonomy":"category","embeddable":true,"href":"http:\/\/blitzconquista.com.br\/index.php?rest_route=%2Fwp%2Fv2%2Fcategories&post=22470"},{"taxonomy":"post_tag","embeddable":true,"href":"http:\/\/blitzconquista.com.br\/index.php?rest_route=%2Fwp%2Fv2%2Ftags&post=22470"}],"curies":[{"name":"wp","href":"https:\/\/api.w.org\/{rel}","templated":true}]}}