{"id":22686,"date":"2014-04-09T23:40:07","date_gmt":"2014-04-10T02:40:07","guid":{"rendered":"http:\/\/blitzconquista.com.br\/?p=22686"},"modified":"2014-04-09T23:40:07","modified_gmt":"2014-04-10T02:40:07","slug":"comerciantes-da-av-brumado-apresentam-pauta-de-reivindicacoes-ao-governo-municipal-e-pedem-alteracoes-no-binario","status":"publish","type":"post","link":"http:\/\/blitzconquista.com.br\/?p=22686","title":{"rendered":"Comerciantes da Av. Brumado apresentam pauta de reivindica\u00e7\u00f5es ao Governo Municipal e pedem altera\u00e7\u00f5es no bin\u00e1rio"},"content":{"rendered":"<p>Na tarde desta quarta-feira, 08, comerciantes da Av. Brumado se reuniram com prepostos da administra\u00e7\u00e3o municipal a fim de apresentar uma pauta de reivindica\u00e7\u00f5es para modifica\u00e7\u00f5es no sistema bin\u00e1rio implantado recentemente na via.<br \/>\nDurante a reuni\u00e3o os empres\u00e1rios demonstraram insatisfa\u00e7\u00f5es, a exemplo da falta de vagas de estacionamento por conta da ciclofaixa.<br \/>\nDe acordo com o Secret\u00e1rio de Mobilidade Urbana, Lu\u00eds Alberto Sellmann, a administra\u00e7\u00e3o municipal aproveitou a oportunidade e fez uma explana\u00e7\u00e3o sobre a mobilidade urbana e a necessidade de garantir a circula\u00e7\u00e3o de pedestres e dos ciclistas. Sellman destacou que seria prematuro dar uma resposta imediata as solicita\u00e7\u00f5es dos comerciantes, inclusive acerca de poss\u00edveis altera\u00e7\u00f5es na ciclofaixa. Mas, o secret\u00e1rio deixou claro que todos os pontos da pauta apresentada ser\u00e3o estudados, apresentados ao prefeito e o que for poss\u00edvel certamente ser\u00e1 autorizado, esclareceu Sellman.<\/p>\n","protected":false},"excerpt":{"rendered":"<p>Na tarde desta quarta-feira, 08, comerciantes da Av. Brumado se reuniram com prepostos da administra\u00e7\u00e3o municipal a fim de apresentar uma pauta de reivindica\u00e7\u00f5es para modifica\u00e7\u00f5es no sistema bin\u00e1rio implantado recentemente na via. Durante a reuni\u00e3o os empres\u00e1rios demonstraram insatisfa\u00e7\u00f5es, a exemplo da falta de vagas de estacionamento por conta da ciclofaixa. De acordo com [&hellip;]<\/p>\n","protected":false},"author":1,"featured_media":22687,"comment_status":"open","ping_status":"open","sticky":false,"template":"","format":"standard","meta":[],"categories":[7],"tags":[],"_links":{"self":[{"href":"http:\/\/blitzconquista.com.br\/index.php?rest_route=\/wp\/v2\/posts\/22686"}],"collection":[{"href":"http:\/\/blitzconquista.com.br\/index.php?rest_route=\/wp\/v2\/posts"}],"about":[{"href":"http:\/\/blitzconquista.com.br\/index.php?rest_route=\/wp\/v2\/types\/post"}],"author":[{"embeddable":true,"href":"http:\/\/blitzconquista.com.br\/index.php?rest_route=\/wp\/v2\/users\/1"}],"replies":[{"embeddable":true,"href":"http:\/\/blitzconquista.com.br\/index.php?rest_route=%2Fwp%2Fv2%2Fcomments&post=22686"}],"version-history":[{"count":0,"href":"http:\/\/blitzconquista.com.br\/index.php?rest_route=\/wp\/v2\/posts\/22686\/revisions"}],"wp:featuredmedia":[{"embeddable":true,"href":"http:\/\/blitzconquista.com.br\/index.php?rest_route=\/"}],"wp:attachment":[{"href":"http:\/\/blitzconquista.com.br\/index.php?rest_route=%2Fwp%2Fv2%2Fmedia&parent=22686"}],"wp:term":[{"taxonomy":"category","embeddable":true,"href":"http:\/\/blitzconquista.com.br\/index.php?rest_route=%2Fwp%2Fv2%2Fcategories&post=22686"},{"taxonomy":"post_tag","embeddable":true,"href":"http:\/\/blitzconquista.com.br\/index.php?rest_route=%2Fwp%2Fv2%2Ftags&post=22686"}],"curies":[{"name":"wp","href":"https:\/\/api.w.org\/{rel}","templated":true}]}}