{"id":22823,"date":"2014-04-14T03:35:03","date_gmt":"2014-04-14T06:35:03","guid":{"rendered":"http:\/\/blitzconquista.com.br\/?p=22823"},"modified":"2014-04-14T03:35:03","modified_gmt":"2014-04-14T06:35:03","slug":"seis-baleados-grupo-promove-tiroteio-nas-pedrinhas-e-deixa-populacao-em-panico","status":"publish","type":"post","link":"http:\/\/blitzconquista.com.br\/?p=22823","title":{"rendered":"SEIS BALEADOS: grupo promove tiroteio nas Pedrinhas e deixa popula\u00e7\u00e3o em p\u00e2nico"},"content":{"rendered":"<p>Um dia ap\u00f3s quatro pessoas serem baleadas dentro de um bar no bairro Guarani, sendo duas v\u00edtimas fatais, outras seis pessoas foram atingidas por tiros na Rua da Pedrinhas.<br \/>\nPouco antes das 22h deste domingo ( 13), homens armados, n\u00e3o se sabe ao certo quantos, a bordo de um VW Fox de cor prata, desceram a Rua das Pedrinhas e ao se aproximarem de um bar abriram fogo contra as pessoas que estavam na porta do estabelecimento.<\/p>\n<p><center><object width=\"460\" height=\"305\" classid=\"clsid:d27cdb6e-ae6d-11cf-96b8-444553540000\" codebase=\"http:\/\/download.macromedia.com\/pub\/shockwave\/cabs\/flash\/swflash.cab#version=6,0,40,0\"><param name=\"flashvars\" value=\"offsite=true&amp;lang=pt-br&amp;page_show_url=%2Fphotos%2Fblitzconquista%2Fsets%2F72157643934317743%2Fshow%2F&amp;page_show_back_url=%2Fphotos%2Fblitzconquista%2Fsets%2F72157643934317743%2F&amp;set_id=72157643934317743&amp;jump_to=\" \/><param name=\"allowFullScreen\" value=\"true\" \/><param name=\"src\" value=\"https:\/\/www.flickr.com\/apps\/slideshow\/show.swf?v=143270\" \/><param name=\"allowfullscreen\" value=\"true\" \/><embed width=\"460\" height=\"305\" type=\"application\/x-shockwave-flash\" src=\"https:\/\/www.flickr.com\/apps\/slideshow\/show.swf?v=143270\" flashvars=\"offsite=true&amp;lang=pt-br&amp;page_show_url=%2Fphotos%2Fblitzconquista%2Fsets%2F72157643934317743%2Fshow%2F&amp;page_show_back_url=%2Fphotos%2Fblitzconquista%2Fsets%2F72157643934317743%2F&amp;set_id=72157643934317743&amp;jump_to=\" allowFullScreen=\"true\" allowfullscreen=\"true\" \/><\/object><\/center>Testemunhas relataram que os criminosos atiraram a esmo. Houve desespero e correria no local, pois havia uma grande aglomera\u00e7\u00e3o de pessoas, por conta das comemora\u00e7\u00f5es das finais dos campeonatos de futebol.<br \/>\nSeis pessoas foram baleadas.<\/p>\n<figure style=\"width: 439px\" class=\"wp-caption aligncenter\"><img decoding=\"async\" loading=\"lazy\" title=\"tiroteio_pedrinhas_13042014 (7)\" alt=\"tiroteio_pedrinhas_13042014 (7)\" src=\"http:\/\/farm8.staticflickr.com\/7390\/13841240954_20e29c06f5.jpg\" width=\"439\" height=\"292\" \/><figcaption class=\"wp-caption-text\"><em>V\u00edtima baleada vai andando at\u00e9 a viatura do Samu 192<\/em><\/figcaption><\/figure>\n<p style=\"text-align: left;\">Tr\u00eas tiveram atendimento prestado pelo Samu 192 e encaminhadas aos Hospitais de Base e S\u00e3o Vicente. Os demais chegaram as unidade m\u00e9dicas com auxilio de populares.<\/p>\n<figure style=\"width: 439px\" class=\"wp-caption aligncenter\"><img decoding=\"async\" loading=\"lazy\" title=\"tiroteio_pedrinhas_13042014 (1)\" alt=\"tiroteio_pedrinhas_13042014 (1)\" src=\"http:\/\/farm8.staticflickr.com\/7035\/13841243054_810c7b7842.jpg\" width=\"439\" height=\"292\" \/><figcaption class=\"wp-caption-text\"><em>Mulher passa mal em meio ao tumulto p\u00f3s tiroteio.<\/em><\/figcaption><\/figure>\n<p style=\"text-align: left;\">De acordo com a pol\u00edcia, apenas Everton Souza dos Santos, 29 anos, corre risco de morte. Ele foi atingido na cabe\u00e7a e teve perda de massa encef\u00e1lica.<\/p>\n<figure style=\"width: 440px\" class=\"wp-caption aligncenter\"><img decoding=\"async\" loading=\"lazy\" title=\"tiroteio_pedrinhas_13042014 (6)\" alt=\"tiroteio_pedrinhas_13042014 (6)\" src=\"http:\/\/farm4.staticflickr.com\/3814\/13840899163_cdb8f43a2d.jpg\" width=\"440\" height=\"292\" \/><figcaption class=\"wp-caption-text\"><em>Everton Souza dos Santos \u00e9 atingido na cabe\u00e7a.<\/em><\/figcaption><\/figure>\n<p style=\"text-align: left;\">As outras v\u00edtimas foram atingidas nos bra\u00e7os, pernas, m\u00e3os e abd\u00f4men.<\/p>\n<figure style=\"width: 439px\" class=\"wp-caption aligncenter\"><img decoding=\"async\" loading=\"lazy\" title=\"tiroteio_pedrinhas_13042014 (2)\" alt=\"tiroteio_pedrinhas_13042014 (2)\" src=\"http:\/\/farm8.staticflickr.com\/7096\/13841242684_04d4d11f53.jpg\" width=\"439\" height=\"292\" \/><figcaption class=\"wp-caption-text\">Uma das v\u00edtimas \u00e9 socorrida pelo Samu 192<\/figcaption><\/figure>\n<p style=\"text-align: left;\">Alguns populares chegaram a falar que o tiroteio estaria relacionado com o ocorrido um dia antes no bairro Guarani, quando dois ficaram feridos e dois morreram.<br \/>\nImediatamente ap\u00f3s o tiroteio nas Pedrinhas, equipes da Pol\u00edcia Civil e Per\u00edcia T\u00e9cnica estiveram no local coletando informa\u00e7\u00f5es, material e vest\u00edgios que auxiliem nas investiga\u00e7\u00f5es.<\/p>\n<figure style=\"width: 460px\" class=\"wp-caption aligncenter\"><img decoding=\"async\" loading=\"lazy\" title=\"tiroteio_pedrinhas_13042014 (12)\" alt=\"tiroteio_pedrinhas_13042014 (12)\" src=\"http:\/\/farm8.staticflickr.com\/7308\/13841238514_5af6cf1ede.jpg\" width=\"460\" height=\"305\" \/><figcaption class=\"wp-caption-text\"><em>Pol\u00edcia faz imagem de fragmento de proj\u00e9til.<\/em><\/figcaption><\/figure>\n<p style=\"text-align: left;\">Pelas marcas deixadas pelos proj\u00e9teis na parede, os atiradores usaram armas de v\u00e1rios calibres.<\/p>\n<figure style=\"width: 460px\" class=\"wp-caption aligncenter\"><img decoding=\"async\" loading=\"lazy\" title=\"tiroteio_pedrinhas_13042014 (10)\" alt=\"tiroteio_pedrinhas_13042014 (10)\" src=\"http:\/\/farm6.staticflickr.com\/5584\/13840897533_452184efff.jpg\" width=\"460\" height=\"305\" \/><figcaption class=\"wp-caption-text\"><em>Buraco mostra impacto de muni\u00e7\u00e3o de muita energia.<\/em><\/figcaption><\/figure>\n<p style=\"text-align: center;\">\n","protected":false},"excerpt":{"rendered":"<p>Um dia ap\u00f3s quatro pessoas serem baleadas dentro de um bar no bairro Guarani, sendo duas v\u00edtimas fatais, outras seis pessoas foram atingidas por tiros na Rua da Pedrinhas. Pouco antes das 22h deste domingo ( 13), homens armados, n\u00e3o se sabe ao certo quantos, a bordo de um VW Fox de cor prata, desceram [&hellip;]<\/p>\n","protected":false},"author":1,"featured_media":22824,"comment_status":"open","ping_status":"open","sticky":false,"template":"","format":"standard","meta":[],"categories":[3],"tags":[],"_links":{"self":[{"href":"http:\/\/blitzconquista.com.br\/index.php?rest_route=\/wp\/v2\/posts\/22823"}],"collection":[{"href":"http:\/\/blitzconquista.com.br\/index.php?rest_route=\/wp\/v2\/posts"}],"about":[{"href":"http:\/\/blitzconquista.com.br\/index.php?rest_route=\/wp\/v2\/types\/post"}],"author":[{"embeddable":true,"href":"http:\/\/blitzconquista.com.br\/index.php?rest_route=\/wp\/v2\/users\/1"}],"replies":[{"embeddable":true,"href":"http:\/\/blitzconquista.com.br\/index.php?rest_route=%2Fwp%2Fv2%2Fcomments&post=22823"}],"version-history":[{"count":0,"href":"http:\/\/blitzconquista.com.br\/index.php?rest_route=\/wp\/v2\/posts\/22823\/revisions"}],"wp:featuredmedia":[{"embeddable":true,"href":"http:\/\/blitzconquista.com.br\/index.php?rest_route=\/"}],"wp:attachment":[{"href":"http:\/\/blitzconquista.com.br\/index.php?rest_route=%2Fwp%2Fv2%2Fmedia&parent=22823"}],"wp:term":[{"taxonomy":"category","embeddable":true,"href":"http:\/\/blitzconquista.com.br\/index.php?rest_route=%2Fwp%2Fv2%2Fcategories&post=22823"},{"taxonomy":"post_tag","embeddable":true,"href":"http:\/\/blitzconquista.com.br\/index.php?rest_route=%2Fwp%2Fv2%2Ftags&post=22823"}],"curies":[{"name":"wp","href":"https:\/\/api.w.org\/{rel}","templated":true}]}}