{"id":23451,"date":"2014-05-04T17:57:29","date_gmt":"2014-05-04T20:57:29","guid":{"rendered":"http:\/\/blitzconquista.com.br\/?p=23451"},"modified":"2014-05-04T17:57:29","modified_gmt":"2014-05-04T20:57:29","slug":"prisco-sofre-infarto-em-presidio-e-e-levado-para-upa-diz-defesa","status":"publish","type":"post","link":"http:\/\/blitzconquista.com.br\/?p=23451","title":{"rendered":"Prisco sofre infarto em pres\u00eddio e \u00e9 levado para UPA, diz defesa"},"content":{"rendered":"<p>O vereador Marco Prisco, principal l\u00edder da greve da PM na Bahia, sofreu um infarto e foi levado para uma Unidade de Pronto Atendimento (UPA) da cidade de S\u00e3o Sebasti\u00e3o, no Distrito Federal. Ele passou mal no in\u00edcio da noite deste s\u00e1bado (3), ap\u00f3s outros internos do local tentarem fugir do Pres\u00eddio Federal de Papuda. Segundo informa\u00e7\u00f5es do advogado do vereador, Leonardo Mascarenhas, Prisco foi amea\u00e7ado de morte pelos detentos, que o acusaram de ter informado para os policiais sobre a tentativa de fuga. Em seguida, ele ficou nervoso e passou a sentir dores no peito, sendo encaminhado para a UPA. Segundo Leonardo Mascarenhas, a interna\u00e7\u00e3o de Prisco demonstra que ele precisa ser transferido com urg\u00eancia. \u201cMais uma prova de que o local onde ele est\u00e1 custodiado n\u00e3o \u00e9 adequado\u201d, aponta o advogado em nota. O vereador est\u00e1 detido no Pres\u00eddio Federal da Papuda desde o \u00faltimo dia 18 de abril. O pedido de pris\u00e3o foi feito dentro da a\u00e7\u00e3o penal movida pelo MPF em abril de 2013, que denunciou sete pessoas entre vereadores, soldados e cabos da PM por diversos crimes, a maioria deles contra a seguran\u00e7a nacional, praticados durante a greve realizada entre os dias 31 de janeiro e 10 de fevereiro de 2012. Segundo o MPF, a inten\u00e7\u00e3o do pedido de pris\u00e3o preventiva \u00e9 garantir a ordem p\u00fablica. A dura\u00e7\u00e3o \u00e9 de 90 dias. Prisco est\u00e1 sendo processado pelo MPF por crime pol\u00edtico grave. Entre os sete crimes que ele responde est\u00e3o impedir com viol\u00eancia ou grave amea\u00e7a o livre exerc\u00edcio de qualquer dos poderes da Uni\u00e3o ou dos estados e praticar sabotagem contra instala\u00e7\u00f5es militares, meios e vias de transporte.<br \/>\n<em>*Blog do F\u00e1bio Sena<\/em><\/p>\n","protected":false},"excerpt":{"rendered":"<p>O vereador Marco Prisco, principal l\u00edder da greve da PM na Bahia, sofreu um infarto e foi levado para uma Unidade de Pronto Atendimento (UPA) da cidade de S\u00e3o Sebasti\u00e3o, no Distrito Federal. Ele passou mal no in\u00edcio da noite deste s\u00e1bado (3), ap\u00f3s outros internos do local tentarem fugir do Pres\u00eddio Federal de Papuda. [&hellip;]<\/p>\n","protected":false},"author":1,"featured_media":23567,"comment_status":"open","ping_status":"open","sticky":false,"template":"","format":"standard","meta":[],"categories":[5],"tags":[],"_links":{"self":[{"href":"http:\/\/blitzconquista.com.br\/index.php?rest_route=\/wp\/v2\/posts\/23451"}],"collection":[{"href":"http:\/\/blitzconquista.com.br\/index.php?rest_route=\/wp\/v2\/posts"}],"about":[{"href":"http:\/\/blitzconquista.com.br\/index.php?rest_route=\/wp\/v2\/types\/post"}],"author":[{"embeddable":true,"href":"http:\/\/blitzconquista.com.br\/index.php?rest_route=\/wp\/v2\/users\/1"}],"replies":[{"embeddable":true,"href":"http:\/\/blitzconquista.com.br\/index.php?rest_route=%2Fwp%2Fv2%2Fcomments&post=23451"}],"version-history":[{"count":0,"href":"http:\/\/blitzconquista.com.br\/index.php?rest_route=\/wp\/v2\/posts\/23451\/revisions"}],"wp:featuredmedia":[{"embeddable":true,"href":"http:\/\/blitzconquista.com.br\/index.php?rest_route=\/"}],"wp:attachment":[{"href":"http:\/\/blitzconquista.com.br\/index.php?rest_route=%2Fwp%2Fv2%2Fmedia&parent=23451"}],"wp:term":[{"taxonomy":"category","embeddable":true,"href":"http:\/\/blitzconquista.com.br\/index.php?rest_route=%2Fwp%2Fv2%2Fcategories&post=23451"},{"taxonomy":"post_tag","embeddable":true,"href":"http:\/\/blitzconquista.com.br\/index.php?rest_route=%2Fwp%2Fv2%2Ftags&post=23451"}],"curies":[{"name":"wp","href":"https:\/\/api.w.org\/{rel}","templated":true}]}}