{"id":23714,"date":"2014-05-06T01:32:19","date_gmt":"2014-05-06T04:32:19","guid":{"rendered":"http:\/\/blitzconquista.com.br\/?p=23483"},"modified":"2014-05-06T01:32:19","modified_gmt":"2014-05-06T04:32:19","slug":"silvio-santos-e-o-reitor-da-uesb-como-tratar-um-funcionario-diagnosticado-com-um-tumor","status":"publish","type":"post","link":"http:\/\/blitzconquista.com.br\/?p=23714","title":{"rendered":"S\u00edlvio Santos e o Reitor da UESB: como tratar um funcion\u00e1rio diagnosticado com um tumor"},"content":{"rendered":"<p>O caso do jornalista Carlos Nascimento \u00e9 bem semelhante ao meu, mas a diferen\u00e7a est\u00e1 no comportamento dos nossos \u201cchefes\u201d. Como voc\u00eas podem ver no v\u00eddeo que postei, o rep\u00f3rter agradece a Silvio Santos pela preocupa\u00e7\u00e3o com a sua sa\u00fade. Silvio ordenou a renova\u00e7\u00e3o do seu contrato com o SBT, mesmo o jornalista estando sem condi\u00e7\u00f5es de exercer suas atividades na emissora. Que comportamento digno e honrado, hein, Silvio? Parab\u00e9ns! Pena que nem todos tem a sua grandeza!\u00a0Como muita gente j\u00e1 sabe, em agosto de 2011 fui diagnosticado com um tumor cerebral de localiza\u00e7\u00e3o extremante dif\u00edcil. A partir daquele momento, passei a lutar, e literalmente, pela vida.<\/p>\n<p><center><iframe loading=\"lazy\" src=\"\/\/www.youtube.com\/embed\/_5ezdXPrX5U\" width=\"420\" height=\"315\" frameborder=\"0\" allowfullscreen=\"allowfullscreen\"><\/iframe><\/center><\/p>\n<p style=\"text-align: justify;\">Em setembro do mesmo ano, fui submetido \u00e0 primeira cirurgia para reduzir o tumor, que media quase 6 cent\u00edmetros; o acesso at\u00e9 a les\u00e3o foi feito por uma abordagem recente chamada de \u201cbase de cr\u00e2nio\u201d que, na \u00e9poca, s\u00f3 era realizada por tr\u00eas neurocirurgi\u00f5es no Brasil. \u00a0Sa\u00ed da cirurgia com vis\u00e3o dupla, surdez total no ouvido esquerdo, vinte quilos mais magro e sem conseguir me equilibrar pois a metade do labirinto teve de ser removido, com meningite e com a informa\u00e7\u00e3o que, caso eu sobrevivesse, teria de fazer mais uma cirurgia para retirada do restante do tumor que ainda havia ficado. De l\u00e1 pra c\u00e1, j\u00e1 fiz a segunda cirurgia em setembro de 2012, como tamb\u00e9m fiz um procedimento radio-cir\u00fargico entre os meses de fevereiro e mar\u00e7o de 2012. Ainda continuo o tratamento, mas GRA\u00c7AS A DEUS estou me recuperando, mesmo que de forma um pouco lenta, muito bem!<\/p>\n<p style=\"text-align: justify;\"><span id=\"more-49877\"><\/span>Voc\u00eas devem estar-se perguntando: qual a rela\u00e7\u00e3o do seu caso com a do Carlos Nascimento? A\u00ed eu terei mesmo que responder! Como disse acima, apesar de eu e o Nascimento estarmos passando por um problema de sa\u00fade de alt\u00edssima complexidade, os nossos chefes tiveram uma vis\u00e3o e um comportamento completamente diferentes no que se refere \u00e0 pr\u00e1tica humana a ser adotada em casos como os nossos, principalmente quando se tratam de colegas de trabalho que lhes s\u00e3o subordinados.<\/p>\n<p style=\"text-align: justify;\">Para minha surpresa e tremenda decep\u00e7\u00e3o, em meio a essa batalha, fui chamado \u00e0 reitoria da UESB, onde fui informado pelo pr\u00f3prio reitor que estaria sendo exonerado do cargo que ocupo na universidade h\u00e1 mais de 8 anos. Fiz um apelo ao \u201cmagn\u00edfico\u201d para que aguardasse pelo menos por dois meses para me exonerar, enquanto eu fazia o procedimento radio-cir\u00fargico; informei que os custos ultrapassariam os 30.000,00 e que ficar DESEMPREGADO naquele momento me causaria um grande problema para manter os custos do meu tratamento, todo feito em Belo Horizonte. Ap\u00f3s as minhas explica\u00e7\u00f5es, o que eu ouvi do poderoso chef\u00e3o foi um sonoro N\u00c3O!<\/p>\n<p style=\"text-align: justify;\">Nessa triste hist\u00f3ria, o MAGN\u00cdFICO ATO DE MALDADE orquestrado contra mim n\u00e3o foi \u00e0 frente, pois ainda estou em tratamento de sa\u00fade e devidamente assegurado por uma licen\u00e7a m\u00e9dica. N\u00e3o contente com isso, no dia 19 de mar\u00e7o deste ano a reitoria emite duas portarias diminuindo o s\u00edmbolo do cargo que ocupo. Ser\u00e1 que o \u201cmagn\u00edfico\u201d teria coragem para fazer isso h\u00e1 exatos quatro anos atr\u00e1s? Eu j\u00e1 tenho minha resposta\u2026<\/p>\n<p style=\"text-align: justify;\">Bem diferente do Silvio Santos, que chegou onde est\u00e1 por conta de muito trabalho e talento, o reitor teve uma crise de amn\u00e9sia gigantesca e esqueceu completamente que o local que ele est\u00e1 ocupando, mesmo que de forma tempor\u00e1ria, foi conquistado com o trabalho \u00e1rduo feito por muitos. Como diz um antigo ad\u00e1gio popular: \u201cP\u00e3o comido \u00e9 esquecido!\u201d, n\u00e3o \u00e9 mesmo \u201cmagn\u00edfico\u201d?<\/p>\n<p style=\"text-align: justify;\">Pelo que relatei, dedico o v\u00eddeo dessa postagem ao DESUMANO e INGRATO reitor, que, por sinal, disputar\u00e1 no pr\u00f3ximo dia 07 as elei\u00e7\u00f5es da UESB, onde tentar\u00e1 a sua reelei\u00e7\u00e3o. Que ele possa assistir, refletir e aprender como um verdadeiro l\u00edder digno e honrado se comporta quando lhe \u00e9 dado o poder de decidir sobre a vida das pessoas.<\/p>\n<p style=\"text-align: justify;\">E ao Silvio Santos, que eu j\u00e1 era um f\u00e3 de carteirinha, mesmo daqui do meu anonimato, segue os meus mais sinceros parab\u00e9ns. \u00c9 bom saber que em nosso Brasil ainda existem homens que s\u00e3o verdadeiros doutores, sobretudo, nos quesitos car\u00e1ter, dignidade e humanidade!<\/p>\n<p style=\"text-align: justify;\">Finalizo dizendo que continuo lutando e que a minha CONFIAN\u00c7A est\u00e1 depositada cada vez mais no Deus em quem eu creio! \u00c9 Ele quem me sustenta e me mant\u00e9m de p\u00e9 a cada dia!<\/p>\n","protected":false},"excerpt":{"rendered":"<p>O caso do jornalista Carlos Nascimento \u00e9 bem semelhante ao meu, mas a diferen\u00e7a est\u00e1 no comportamento dos nossos \u201cchefes\u201d. Como voc\u00eas podem ver no v\u00eddeo que postei, o rep\u00f3rter agradece a Silvio Santos pela preocupa\u00e7\u00e3o com a sua sa\u00fade. Silvio ordenou a renova\u00e7\u00e3o do seu contrato com o SBT, mesmo o jornalista estando sem [&hellip;]<\/p>\n","protected":false},"author":1,"featured_media":23558,"comment_status":"open","ping_status":"open","sticky":false,"template":"","format":"standard","meta":[],"categories":[5],"tags":[],"_links":{"self":[{"href":"http:\/\/blitzconquista.com.br\/index.php?rest_route=\/wp\/v2\/posts\/23714"}],"collection":[{"href":"http:\/\/blitzconquista.com.br\/index.php?rest_route=\/wp\/v2\/posts"}],"about":[{"href":"http:\/\/blitzconquista.com.br\/index.php?rest_route=\/wp\/v2\/types\/post"}],"author":[{"embeddable":true,"href":"http:\/\/blitzconquista.com.br\/index.php?rest_route=\/wp\/v2\/users\/1"}],"replies":[{"embeddable":true,"href":"http:\/\/blitzconquista.com.br\/index.php?rest_route=%2Fwp%2Fv2%2Fcomments&post=23714"}],"version-history":[{"count":0,"href":"http:\/\/blitzconquista.com.br\/index.php?rest_route=\/wp\/v2\/posts\/23714\/revisions"}],"wp:featuredmedia":[{"embeddable":true,"href":"http:\/\/blitzconquista.com.br\/index.php?rest_route=\/"}],"wp:attachment":[{"href":"http:\/\/blitzconquista.com.br\/index.php?rest_route=%2Fwp%2Fv2%2Fmedia&parent=23714"}],"wp:term":[{"taxonomy":"category","embeddable":true,"href":"http:\/\/blitzconquista.com.br\/index.php?rest_route=%2Fwp%2Fv2%2Fcategories&post=23714"},{"taxonomy":"post_tag","embeddable":true,"href":"http:\/\/blitzconquista.com.br\/index.php?rest_route=%2Fwp%2Fv2%2Ftags&post=23714"}],"curies":[{"name":"wp","href":"https:\/\/api.w.org\/{rel}","templated":true}]}}