{"id":24060,"date":"2014-05-21T01:04:25","date_gmt":"2014-05-21T04:04:25","guid":{"rendered":"http:\/\/blitzconquista.com.br\/new\/?p=24060"},"modified":"2014-05-21T01:04:25","modified_gmt":"2014-05-21T04:04:25","slug":"senado-aprova-projeto-que-reserva-20-das-vagas-de-concursos-federais","status":"publish","type":"post","link":"http:\/\/blitzconquista.com.br\/?p=24060","title":{"rendered":"Senado aprova projeto que reserva 20% das vagas de concursos federais"},"content":{"rendered":"<p>Aprovado pelo Senado nesta ter\u00e7a-feira (20), o projeto de lei que determina a reserva de 20% das vagas para afrodescendentes em concursos p\u00fablicos federais segue para san\u00e7\u00e3o da presidente Dilma Rousseff. Com a proposta, elaborada pelo Executivo, o benef\u00edcio ser\u00e1 concedido com base na autodeclara\u00e7\u00e3o de cor preta ou parda e vale para concursos com mais de tr\u00eas vagas, a partir da publica\u00e7\u00e3o da lei. A vota\u00e7\u00e3o foi acompanhada pela ministra de Igualdade Racial, Luiza Bairros. O texto tamb\u00e9m prev\u00ea a elimina\u00e7\u00e3o de candidatos, caso seja constatada declara\u00e7\u00e3o falsa. Se j\u00e1 houver acontecido a nomea\u00e7\u00e3o, ela pode ser anulada. A nova regra vale para administra\u00e7\u00e3o p\u00fablica federal direta e indireta, logo, concursos para empresas p\u00fablicas como Petrobras e Caixa Econ\u00f4mica tamb\u00e9m ter\u00e3o reservas de vagas. Segundo dados do Minist\u00e9rio do Planejamento citados pela mat\u00e9ria, cerca de 30% dos servidores p\u00fablicos federais s\u00e3o negros e pardos. Para cargos com maior remunera\u00e7\u00e3o, a quantidade do porcentual \u00e9 menor, como no caso de auditores fiscais (12,3%) e diplomatas (5,9%).<br \/>\n<em>*Com informa\u00e7\u00f5es do jornal Folha de S. Paulo.<\/em><\/p>\n","protected":false},"excerpt":{"rendered":"<p>Aprovado pelo Senado nesta ter\u00e7a-feira (20), o projeto de lei que determina a reserva de 20% das vagas para afrodescendentes em concursos p\u00fablicos federais segue para san\u00e7\u00e3o da presidente Dilma Rousseff. Com a proposta, elaborada pelo Executivo, o benef\u00edcio ser\u00e1 concedido com base na autodeclara\u00e7\u00e3o de cor preta ou parda e vale para concursos com [&hellip;]<\/p>\n","protected":false},"author":1,"featured_media":24061,"comment_status":"open","ping_status":"open","sticky":false,"template":"","format":"standard","meta":[],"categories":[5],"tags":[],"_links":{"self":[{"href":"http:\/\/blitzconquista.com.br\/index.php?rest_route=\/wp\/v2\/posts\/24060"}],"collection":[{"href":"http:\/\/blitzconquista.com.br\/index.php?rest_route=\/wp\/v2\/posts"}],"about":[{"href":"http:\/\/blitzconquista.com.br\/index.php?rest_route=\/wp\/v2\/types\/post"}],"author":[{"embeddable":true,"href":"http:\/\/blitzconquista.com.br\/index.php?rest_route=\/wp\/v2\/users\/1"}],"replies":[{"embeddable":true,"href":"http:\/\/blitzconquista.com.br\/index.php?rest_route=%2Fwp%2Fv2%2Fcomments&post=24060"}],"version-history":[{"count":0,"href":"http:\/\/blitzconquista.com.br\/index.php?rest_route=\/wp\/v2\/posts\/24060\/revisions"}],"wp:featuredmedia":[{"embeddable":true,"href":"http:\/\/blitzconquista.com.br\/index.php?rest_route=\/"}],"wp:attachment":[{"href":"http:\/\/blitzconquista.com.br\/index.php?rest_route=%2Fwp%2Fv2%2Fmedia&parent=24060"}],"wp:term":[{"taxonomy":"category","embeddable":true,"href":"http:\/\/blitzconquista.com.br\/index.php?rest_route=%2Fwp%2Fv2%2Fcategories&post=24060"},{"taxonomy":"post_tag","embeddable":true,"href":"http:\/\/blitzconquista.com.br\/index.php?rest_route=%2Fwp%2Fv2%2Ftags&post=24060"}],"curies":[{"name":"wp","href":"https:\/\/api.w.org\/{rel}","templated":true}]}}